{"id":3652,"date":"2017-02-01T13:41:26","date_gmt":"2017-02-01T13:41:26","guid":{"rendered":"http:\/\/fmriachuelo.com.ar\/ljkjklj\/?p=3652"},"modified":"2017-02-01T13:41:26","modified_gmt":"2017-02-01T13:41:26","slug":"organizaciones-sociales-movilizaron-por-la-implementacion-de-la-ley-de-emergencia-social-y-contra-el-ajuste","status":"publish","type":"post","link":"http:\/\/fmriachuelo.it10.com.ar\/index.php\/2017\/02\/01\/organizaciones-sociales-movilizaron-por-la-implementacion-de-la-ley-de-emergencia-social-y-contra-el-ajuste\/","title":{"rendered":"ORGANIZACIONES SOCIALES MOVILIZARON POR LA IMPLEMENTACI\u00d3N DE LA LEY DE EMERGENCIA SOCIAL Y CONTRA EL AJUSTE"},"content":{"rendered":"<p>[Fm Riachuelo 01\/02\/2017] \u00a0El Frente Popular Dar\u00edo Santill\u00e1n, FPDS, \u00a0junto a otras organizaciones populares, llev\u00f3 a cabo durante la ma\u00f1ana de ayer, una jornada de lucha con concentraciones en varios puntos del pa\u00eds, para exigir la reglamentaci\u00f3n de la ley de Emergencia Social y repudiar la precarizaci\u00f3n de las condiciones de vida de los sectores mas postergados.<\/p>\n<p>Escuch\u00e1 la entrevista a la referente del FPDS, Carina Lopez Monja:<\/p>\n<p>Bajo la consigna \u201ctodos estamos en emergencia\u201d se realizaron cortes en San Luis, Mendoza, Chaco, Formosa, Salta, Tucum\u00e1n, Alto Valle y CABA (Corrientes y Callao\u00a0 a las 7:30 hs y Puente Pueyrred\u00f3n a las 11hs). Las organizaciones exigieron una convocatoria\u00a0 amplia al Consejo de la Econom\u00eda Popular, y la apertura de una mesa de di\u00e1logo con los ministra de Desarrollo Social Carolina Stanley.<\/p>\n<p>A s\u00f3lo un mes del inicio del nuevo a\u00f1o, las organizaciones denuncian un agravamiento de la situaci\u00f3n econ\u00f3mica en los barrios humildes del pa\u00eds. Piden al gobierno nacional que atienda los reclamos de los trabajadores y trabajadoras de la econom\u00eda popular, y reglamente sin m\u00e1s demoras la ley de Emergencia Social aprobada por el Congreso Nacional el a\u00f1o pasado.<\/p>\n<p>Carina Lopez Monja se\u00f1al\u00f3: \u201cEn un solo mes demostraron que quieren avanzar con lo que no pudieron el a\u00f1o pasado, gracias a la resistencia popular\u201d y agreg\u00f3 \u201cAl mismo tiempo que cortamos el puente Pueyrred\u00f3n anuncian un nuevo aumento en las tarifas de luz, mientras que el reclamo de la emergencia social, que viene desde el a\u00f1o pasado sigue sin ser respondido. Se ve que hay rapidez en algunas cosas y paso de tortuga en otras\u201d.<\/p>\n<p>La referente entrevistada tambi\u00e9n se expres\u00f3 sobre la precarizaci\u00f3n y flexibilizaci\u00f3n laboral denunciadas por las centrales sindicales: \u201cHay un desv\u00edo en los fondos para la creaci\u00f3n de empleo en el Ministerio de Trabajo y de Desarrollo Social. La propuesta del gobierno es flexibilizar las condiciones de trabajo de todo el conjunto de la clase trabajadora del pa\u00eds.\u201d<\/p>\n<p>Tambi\u00e9n exigieron en un comunicado, la nacionalizaci\u00f3n efectiva del Programa Argentina Trabaja, puestos de jornada completa para un sueldo que cubra la canasta b\u00e1sica y condiciones dignas para los trabajadores de la econom\u00eda popular que carecen de aguinaldo, ART, estabilidad laboral, licencias y derechos laborales b\u00e1sicos.<\/p>\n","protected":false},"excerpt":{"rendered":"<p>[Fm Riachuelo 01\/02\/2017] \u00a0El Frente Popular Dar\u00edo Santill\u00e1n, FPDS, \u00a0junto a otras organizaciones populares, llev\u00f3 a cabo durante la ma\u00f1ana de ayer, una jornada de lucha con concentraciones en varios puntos del pa\u00eds, para exigir la reglamentaci\u00f3n de la ley de Emergencia Social y repudiar la precarizaci\u00f3n de las condiciones de vida de los sectores [&hellip;]<\/p>\n","protected":false},"author":6,"featured_media":3662,"comment_status":"open","ping_status":"open","sticky":false,"template":"","format":"standard","meta":{"_monsterinsights_skip_tracking":false,"_monsterinsights_sitenote_active":false,"_monsterinsights_sitenote_note":"","_monsterinsights_sitenote_category":0,"jnews-multi-image_gallery":[],"jnews_single_post":[],"jnews_primary_category":[],"_joinchat":[],"footnotes":""},"categories":[76,75],"tags":[],"class_list":["post-3652","post","type-post","status-publish","format-standard","has-post-thumbnail","hentry","category-salud-comunitaria","category-trabajo"],"_links":{"self":[{"href":"http:\/\/fmriachuelo.it10.com.ar\/index.php\/wp-json\/wp\/v2\/posts\/3652","targetHints":{"allow":["GET"]}}],"collection":[{"href":"http:\/\/fmriachuelo.it10.com.ar\/index.php\/wp-json\/wp\/v2\/posts"}],"about":[{"href":"http:\/\/fmriachuelo.it10.com.ar\/index.php\/wp-json\/wp\/v2\/types\/post"}],"author":[{"embeddable":true,"href":"http:\/\/fmriachuelo.it10.com.ar\/index.php\/wp-json\/wp\/v2\/users\/6"}],"replies":[{"embeddable":true,"href":"http:\/\/fmriachuelo.it10.com.ar\/index.php\/wp-json\/wp\/v2\/comments?post=3652"}],"version-history":[{"count":0,"href":"http:\/\/fmriachuelo.it10.com.ar\/index.php\/wp-json\/wp\/v2\/posts\/3652\/revisions"}],"wp:featuredmedia":[{"embeddable":true,"href":"http:\/\/fmriachuelo.it10.com.ar\/index.php\/wp-json\/"}],"wp:attachment":[{"href":"http:\/\/fmriachuelo.it10.com.ar\/index.php\/wp-json\/wp\/v2\/media?parent=3652"}],"wp:term":[{"taxonomy":"category","embeddable":true,"href":"http:\/\/fmriachuelo.it10.com.ar\/index.php\/wp-json\/wp\/v2\/categories?post=3652"},{"taxonomy":"post_tag","embeddable":true,"href":"http:\/\/fmriachuelo.it10.com.ar\/index.php\/wp-json\/wp\/v2\/tags?post=3652"}],"curies":[{"name":"wp","href":"https:\/\/api.w.org\/{rel}","templated":true}]}}