{"id":365,"date":"2015-06-14T22:07:00","date_gmt":"2015-06-14T22:07:00","guid":{"rendered":"http:\/\/fmriachuelo.observatorioess.org.ar\/index.php\/2015\/06\/14\/anuncio-nuevo-programa-se-suma-a-nuestra-programacion\/"},"modified":"2025-04-01T15:21:13","modified_gmt":"2025-04-01T18:21:13","slug":"anuncio-nuevo-programa-se-suma-a-nuestra-programacion","status":"publish","type":"post","link":"http:\/\/fmriachuelo.it10.com.ar\/index.php\/2015\/06\/14\/anuncio-nuevo-programa-se-suma-a-nuestra-programacion\/","title":{"rendered":"ANUNCIO: NUEVO PROGRAMA SE SUMA A NUESTRA PROGRAMACI\u00d3N"},"content":{"rendered":"<div style=\"text-align: center\">\n<div style=\"text-align: left\"><span style=\"color: red;font-family: Verdana, sans-serif;font-size: large\"><strong>LA ISLA, UN PROGRAMA INUNDABLE<\/strong><\/span><\/div>\n<div style=\"text-align: left\"><span style=\"font-family: Verdana, sans-serif\"><strong>MARTES A LAS 19 HORAS<\/strong><\/span><\/div>\n<\/div>\n<div style=\"clear: both;text-align: center\"><a href=\"http:\/\/2.bp.blogspot.com\/-4rFL_U0JxWk\/VX36xUhI9NI\/AAAAAAAAEuU\/9cvCPywoQlo\/s1600\/LA%2BISLA.png\" style=\"clear: left;float: left;margin-bottom: 1em;margin-right: 1em;text-align: left\"><span style=\"font-family: Verdana, sans-serif\"><img loading=\"lazy\" decoding=\"async\" border=\"0\" height=\"320\" src=\"http:\/\/2.bp.blogspot.com\/-4rFL_U0JxWk\/VX36xUhI9NI\/AAAAAAAAEuU\/9cvCPywoQlo\/s320\/LA%2BISLA.png\" width=\"251\" \/><\/span><\/a><\/div>\n<div style=\"text-align: center\"><\/p>\n<div style=\"text-align: left\"><b><span style=\"font-family: Verdana, sans-serif\">[FMR Domingo 14\/06\/15] Despu\u00e9s de Don Lucero y El Rat\u00f3n Impune regresa Javier C\u00f3freces a FM Riachuelo.<\/span><\/b><\/div>\n<p><span style=\"font-family: Verdana, sans-serif\"><\/p>\n<div style=\"text-align: left\">M\u00fasica, poes\u00eda, actualidad y mucho m\u00e1s. A partir del 16 de junio todos los martes a las 19 horas.<\/div>\n<div style=\"text-align: left\">Un programa inundable.<\/div>\n<p><\/span><\/div>\n","protected":false},"excerpt":{"rendered":"<p>LA ISLA, UN PROGRAMA INUNDABLE MARTES A LAS 19 HORAS [FMR Domingo 14\/06\/15] Despu\u00e9s de Don Lucero y El Rat\u00f3n Impune regresa Javier C\u00f3freces a FM Riachuelo. M\u00fasica, poes\u00eda, actualidad y mucho m\u00e1s. A partir del 16 de junio todos los martes a las 19 horas. Un programa inundable.<\/p>\n","protected":false},"author":4,"featured_media":0,"comment_status":"open","ping_status":"open","sticky":false,"template":"","format":"standard","meta":{"_monsterinsights_skip_tracking":false,"_monsterinsights_sitenote_active":false,"_monsterinsights_sitenote_note":"","_monsterinsights_sitenote_category":0,"jnews-multi-image_gallery":[],"jnews_single_post":{"format":"standard"},"jnews_primary_category":[],"_joinchat":[],"footnotes":""},"categories":[58],"tags":[159,66],"class_list":["post-365","post","type-post","status-publish","format-standard","hentry","category-noticiariachuelo","tag-comunicacion","tag-cultura-popular"],"_links":{"self":[{"href":"http:\/\/fmriachuelo.it10.com.ar\/index.php\/wp-json\/wp\/v2\/posts\/365","targetHints":{"allow":["GET"]}}],"collection":[{"href":"http:\/\/fmriachuelo.it10.com.ar\/index.php\/wp-json\/wp\/v2\/posts"}],"about":[{"href":"http:\/\/fmriachuelo.it10.com.ar\/index.php\/wp-json\/wp\/v2\/types\/post"}],"author":[{"embeddable":true,"href":"http:\/\/fmriachuelo.it10.com.ar\/index.php\/wp-json\/wp\/v2\/users\/4"}],"replies":[{"embeddable":true,"href":"http:\/\/fmriachuelo.it10.com.ar\/index.php\/wp-json\/wp\/v2\/comments?post=365"}],"version-history":[{"count":1,"href":"http:\/\/fmriachuelo.it10.com.ar\/index.php\/wp-json\/wp\/v2\/posts\/365\/revisions"}],"predecessor-version":[{"id":23557,"href":"http:\/\/fmriachuelo.it10.com.ar\/index.php\/wp-json\/wp\/v2\/posts\/365\/revisions\/23557"}],"wp:attachment":[{"href":"http:\/\/fmriachuelo.it10.com.ar\/index.php\/wp-json\/wp\/v2\/media?parent=365"}],"wp:term":[{"taxonomy":"category","embeddable":true,"href":"http:\/\/fmriachuelo.it10.com.ar\/index.php\/wp-json\/wp\/v2\/categories?post=365"},{"taxonomy":"post_tag","embeddable":true,"href":"http:\/\/fmriachuelo.it10.com.ar\/index.php\/wp-json\/wp\/v2\/tags?post=365"}],"curies":[{"name":"wp","href":"https:\/\/api.w.org\/{rel}","templated":true}]}}