{"id":3628,"date":"2017-01-29T21:39:15","date_gmt":"2017-01-29T21:39:15","guid":{"rendered":"http:\/\/fmriachuelo.com.ar\/ljkjklj\/?p=3628"},"modified":"2017-01-29T21:39:15","modified_gmt":"2017-01-29T21:39:15","slug":"mas-solidaridad-con-coopechas","status":"publish","type":"post","link":"http:\/\/fmriachuelo.it10.com.ar\/index.php\/2017\/01\/29\/mas-solidaridad-con-coopechas\/","title":{"rendered":"SOLIDARIDAD CON LOS TRABAJADORES DE COOPECHAS"},"content":{"rendered":"<p style=\"text-align: justify\">[FM Riachuelo 29\/01\/2016] Durante este fin de semana tuvo lugar en Punta Indio, provincia de Buenos Aires,\u00a0un campamento de solidaridad con la Cooperativa Coopechas de Pipinas, organizado por los j\u00f3venes de la organizaci\u00f3n La Sim\u00f3n Bolivar. Las jornadas, adem\u00e1s de expresar el apoyo al proceso de organizaci\u00f3n que los pescadores de Coopechas nucleados en la CTEP vienen desarrollando, incluyeron trabajos de mejora y acondicionamiento del predio donde se llevan adelante los emprendimientos productivos de la cooperativa, y la realizaci\u00f3n de un mural a cargo de los colectivos Movimiento Kultural Congreso de los Barrios Libres y SURGE.<\/p>\n<p style=\"text-align: justify\">\n<p style=\"text-align: justify\">En la noche del s\u00e1bado, los acampantes organizaron una choriceada para invitar a referentes de otras organizaciones a manifestar su apoyo y repudio a las agresiones judiciales y medi\u00e1ticas que los trabajadores de Coopechas vienen sufriendo desde una serie de allanamientos que se produjo el pasado lunes. Durante el convite se improvis\u00f3 una asamblea donde los cooperativistas contaron el trabajo que se llevan adelante y agradecieron la solidaridad de todos los que se hicieron presentes. Vanesa Morales, de Coopechas, compart\u00eda el \u00e1nimo que contagiaba la presencia de m\u00e1s de 60 compa\u00f1eras y compa\u00f1eros: \u00abtenemos que estar preparados. Siempre dec\u00edamos que algo as\u00ed pod\u00eda pasar porque no quieren que nos organicemos\u00bb.<\/p>\n<p style=\"text-align: justify\"><img loading=\"lazy\" decoding=\"async\" class=\"size-large wp-image-3633 aligncenter\" src=\"http:\/\/fmriachuelo.com.ar\/ljkjklj\/wp-content\/uploads\/2017\/01\/rafa-mpld-1024x768.jpg\" alt=\"rafa mpld\" width=\"640\" height=\"480\" \/><\/p>\n<p style=\"text-align: justify\">En la noche tambi\u00e9n estuvieron presentes Lito Borello, coordinador de la Organizaci\u00f3n Los Pibes y referente de la Mesa Gremial 19 y 20 de la CTEP, y Rafael Klejzer, del Movimiento Popular La Dignidad tambi\u00e9n en la CTEP. Durante la asamblea, Klejzer fue enf\u00e1tico al recordar lo qu\u00e9 los hab\u00eda vinculado con Pipinas y Coopechas \u00abantes de todas estas historias de los allanamientos\u00bb: \u00aba Pipinas la conocimos por sus trabajadores. Que hicieron posible que miles de pibas y pibes de las villas de Buenos Aires conocieran el pescado. Eso fue posible con el esfuerzo de los compa\u00f1eros\u00bb. El referente de La Dignidad hac\u00eda referencia a los operativos de venta de pescado a precios populares que la CTEP organiz\u00f3 junto a la Corriente Villera Independiente, con fuerte presencia en las villas de la CABA. \u00abLa reacci\u00f3n se produce porque ac\u00e1 hay organizaci\u00f3n popular\u00bb, insisti\u00f3 Rafael.<\/p>\n<p style=\"text-align: justify\"><img loading=\"lazy\" decoding=\"async\" class=\"alignleft wp-image-3634 size-medium\" src=\"http:\/\/fmriachuelo.com.ar\/ljkjklj\/wp-content\/uploads\/2017\/01\/muchos-300x225.jpg\" alt=\"muchos\" width=\"300\" height=\"225\" \/>A su turno, Lito Borello\u00a0tambi\u00e9n realiz\u00f3 una arenga para las compa\u00f1eras y compa\u00f1eros de Coopechas: \u00abse entiende la angustia, porque ellos buscan herirnos para que no sigamos. Pero la verdad que todos los compa\u00f1eros y compa\u00f1eras que se hicieron presentes demuestran que no nos van a poder. Como dec\u00eda el Che, las organizaciones populares tenemos que ser la pesadilla de aquellos que no nos dejan so\u00f1ar\u00bb.<\/p>\n<p style=\"text-align: justify\">Durante la asamblea tambi\u00e9n se record\u00f3 las luchas de Cesar M\u00e9ndez e Iki, compa\u00f1eros que militaban con La Dignidad y fueron asesinados en distintas circunstancias que tienen como punto en com\u00fan la violencia que actualmente se desata contra la organizaci\u00f3n popular en distintos puntos del pa\u00eds. \u00abLa solidaridad y la resistencia que hoy vemos aqu\u00ed es la siembra de los compa\u00f1eros C\u00e9sar e Iki\u00bb, record\u00f3 Borello.<\/p>\n<p>&nbsp;<\/p>\n","protected":false},"excerpt":{"rendered":"<p>[FM Riachuelo 29\/01\/2016] Durante este fin de semana tuvo lugar en Punta Indio, provincia de Buenos Aires,\u00a0un campamento de solidaridad con la Cooperativa Coopechas de Pipinas, organizado por los j\u00f3venes de la organizaci\u00f3n La Sim\u00f3n Bolivar. Las jornadas, adem\u00e1s de expresar el apoyo al proceso de organizaci\u00f3n que los pescadores de Coopechas nucleados en la [&hellip;]<\/p>\n","protected":false},"author":4,"featured_media":3635,"comment_status":"open","ping_status":"open","sticky":false,"template":"","format":"standard","meta":{"_monsterinsights_skip_tracking":false,"_monsterinsights_sitenote_active":false,"_monsterinsights_sitenote_note":"","_monsterinsights_sitenote_category":0,"jnews-multi-image_gallery":[],"jnews_single_post":[],"jnews_primary_category":[],"_joinchat":[],"footnotes":""},"categories":[76,75],"tags":[],"class_list":["post-3628","post","type-post","status-publish","format-standard","has-post-thumbnail","hentry","category-salud-comunitaria","category-trabajo"],"_links":{"self":[{"href":"http:\/\/fmriachuelo.it10.com.ar\/index.php\/wp-json\/wp\/v2\/posts\/3628","targetHints":{"allow":["GET"]}}],"collection":[{"href":"http:\/\/fmriachuelo.it10.com.ar\/index.php\/wp-json\/wp\/v2\/posts"}],"about":[{"href":"http:\/\/fmriachuelo.it10.com.ar\/index.php\/wp-json\/wp\/v2\/types\/post"}],"author":[{"embeddable":true,"href":"http:\/\/fmriachuelo.it10.com.ar\/index.php\/wp-json\/wp\/v2\/users\/4"}],"replies":[{"embeddable":true,"href":"http:\/\/fmriachuelo.it10.com.ar\/index.php\/wp-json\/wp\/v2\/comments?post=3628"}],"version-history":[{"count":0,"href":"http:\/\/fmriachuelo.it10.com.ar\/index.php\/wp-json\/wp\/v2\/posts\/3628\/revisions"}],"wp:featuredmedia":[{"embeddable":true,"href":"http:\/\/fmriachuelo.it10.com.ar\/index.php\/wp-json\/"}],"wp:attachment":[{"href":"http:\/\/fmriachuelo.it10.com.ar\/index.php\/wp-json\/wp\/v2\/media?parent=3628"}],"wp:term":[{"taxonomy":"category","embeddable":true,"href":"http:\/\/fmriachuelo.it10.com.ar\/index.php\/wp-json\/wp\/v2\/categories?post=3628"},{"taxonomy":"post_tag","embeddable":true,"href":"http:\/\/fmriachuelo.it10.com.ar\/index.php\/wp-json\/wp\/v2\/tags?post=3628"}],"curies":[{"name":"wp","href":"https:\/\/api.w.org\/{rel}","templated":true}]}}