{"id":3627,"date":"2017-01-29T21:13:28","date_gmt":"2017-01-29T21:13:28","guid":{"rendered":"http:\/\/fmriachuelo.com.ar\/ljkjklj\/?p=3627"},"modified":"2017-01-29T21:13:28","modified_gmt":"2017-01-29T21:13:28","slug":"luciano-arruga-a-8-anos-de-su-desaparicion-y-muerte-organizaciones-populares-iniciaron-jornada-de-homenaje","status":"publish","type":"post","link":"http:\/\/fmriachuelo.it10.com.ar\/index.php\/2017\/01\/29\/luciano-arruga-a-8-anos-de-su-desaparicion-y-muerte-organizaciones-populares-iniciaron-jornada-de-homenaje\/","title":{"rendered":"LUCIANO ARRUGA A 8 A\u00d1OS DE SU DESAPARICI\u00d3N Y MUERTE, ORGANIZACIONES POPULARES INICIARON JORNADA DE HOMENAJE"},"content":{"rendered":"<p style=\"text-align: justify\">[Fm Riachuelo 28\/01\/2017] Frente a la ex Esma, s\u00edmbolo\u00a0del terrorismo de estado en la Argentina, se dieron cita cientos de militantes de La Garganta Poderosa. \u00a0Desde las asambleas territoriales de todo el pa\u00eds confluyeron\u00a0\u00a0para iniciar la Jornada por Luciano Arruga a 8 a\u00f1os de su Desaparici\u00f3n y Muerte, con un campeonato de futbol. La actividad prosigui\u00f3 con una caravana que se dirigi\u00f3 a la plaza Luciano Arruga, en Lomas del Mirador, donde confluyeron organizaciones sociales para realizar el acto central que no solo record\u00f3 a Luciano, sino que denunci\u00f3 las sistem\u00e1ticas demoras en la causa y\u00a0la criminalizaci\u00f3n de los j\u00f3venes de los barrios populares.<\/p>\n<p style=\"text-align: justify\">Entrevistamos a Nacho Levy, del barrio Zabaleta y el Movimiento La Poderosa, que nos di\u00f3 su testimonio sobre la actividad:<\/p>\n<p style=\"text-align: justify\">La jornada comenz\u00f3 con\u00a0el Campeonato Nacional Luciano Arruga, enfrentando a las fuerzas policiales y del estado que hab\u00edan decidido, \u00a0a \u00faltima hora, no dar autorizaci\u00f3n para realizar la actividad. Se sumaron a las dificultades que tuvieron que sortear los micros, que tra\u00edan a tantas y tantos, que fueron detenidos en el camino por las fuerzas de Gendarmer\u00eda Nacional, lo que retras\u00f3 el inicio del evento, pero no impidi\u00f3 que la actividad se realizara, con almuerzo incluido. Un acto central frente a las puertas de la ex Esma, di\u00f3 inicio a la Jornada \u00a0donde se pidi\u00f3 justicia para Luciano y para los cientos de desaparecidos y violentados por las fuerzas de seguridad en democracia, a los que se nombr\u00f3 uno a uno, al mismo tiempo que se repudi\u00f3 la sistem\u00e1tica criminalizaci\u00f3n que sufren las y los pibas de nuestros barrios.<\/p>\n<p style=\"text-align: justify\"><img loading=\"lazy\" decoding=\"async\" class=\"wp-image-3629 size-medium alignleft\" src=\"http:\/\/fmriachuelo.com.ar\/ljkjklj\/wp-content\/uploads\/2017\/01\/16426054_10211995126103211_7580347099522911355_n-300x200.jpg\" alt=\"16426054_10211995126103211_7580347099522911355_n\" width=\"300\" height=\"200\" \/><img loading=\"lazy\" decoding=\"async\" class=\"alignnone wp-image-3630 size-medium\" src=\"http:\/\/fmriachuelo.com.ar\/ljkjklj\/wp-content\/uploads\/2017\/01\/16406502_10211995117102986_4392656200030444776_n-300x200.jpg\" alt=\"16406502_10211995117102986_4392656200030444776_n\" width=\"300\" height=\"200\" \/><\/p>\n<p style=\"text-align: justify\">[La Garganta Poderosa 28\/01\/2017]\u00a0\u00abMUEVE RODOLFO, PATEA LUCIANO\u00bb<\/p>\n<p style=\"text-align: justify\">Ahora mismo, frente a los arcos del terror, entre los papelitos del Mundial 78, las paredes de la dictadura, las patadas de la democracia, los ca\u00f1os de la seguridad, la manga de c\u00ednicos, los sombreritos del capit\u00e1n, el vestuario de los suboficiales y la pirotecnia de la represi\u00f3n estatal, est\u00e1n llegando los jugadores que nunca aceptaron las reglas del juego. Ni hoy, ni ayer, ni la ciudad de los distra\u00eddos, ni el campo de concentraci\u00f3n. Uno, diez<span class=\"text_exposed_show\">, 25 micros de larga militancia est\u00e1n estacionando sobre la mano dura de Libertador. Pero ninguno trae visitantes. Todos tienen la misma camiseta. Todas tienen la 10. Somos 44 villas. Y somos locales otra vez. Se abren las puertas del colectivo. Y baja Luciano. Y baja Luciano. Y baja Luciano. Y bajan 1.500 menores de edad, en la Escuela de Mec\u00e1nica de la Armada.<\/span><\/p>\n<div class=\"text_exposed_show\">\n<p style=\"text-align: justify\">\u00bfLa edad de imputabilidad?<br \/>\nNo baja nada.<\/p>\n<p style=\"text-align: justify\">A lo largo de 12 meses, las inferiores de nuestras asambleas, los sue\u00f1os en equipos de gimnasia y las promesas con visera nos concentramos para defender el alegato social y humano de ninguna fuga, \u00a1el primer Campeonato Nacional Luciano Arruga! Busc\u00e1ndolo, extra\u00f1\u00e1ndolo, encontr\u00e1ndolo, entre reja y reja, salimos hoy a la cancha para reventar el silencio a los pelotazos, para romperles el cerco medi\u00e1tico, para inflarles las redes, para trabar contra la impunidad, para barrer el punitivismo y para contraatacar al periodismo servil, jugando en un estadio con capacidad para 30.000.<\/p>\n<p style=\"text-align: justify\">\u00bfNo quer\u00edan un feriado para la memoria?<br \/>\nVamos a guardar otro s\u00e1bado para la historia.<\/p>\n<p style=\"text-align: justify\">Con el aliento de los ex detenidos en la ESMA, con la direcci\u00f3n de los Familiares y Amigos, con el relato de Rodolfo Walsh y con los ovarios de Vanesa Orieta, damos el puntapi\u00e9 inicial a nuestro foro nacional, en el c\u00edrculo central de la represi\u00f3n estatal, para llegar a las 17, bien precalentados, agitados y organizados hasta Lomas del Mirador, donde los movimientos populares volveremos a marchar por un desaparecido que apareci\u00f3 para jugar, ese pibito que se volvi\u00f3 grito y bandera de la cultura villera, denunciando c\u00f3mo nos mata la hipocres\u00eda, cuando fracasa la mafia de la Polic\u00eda.<\/p>\n<p style=\"text-align: justify\">Ac\u00e1 dijimos \u00abni un pibe menos\u00bb y all\u00e1 dijeron \u00abni un negro m\u00e1s\u00bb:<br \/>\nhoy, miles de villeros, cruzamos la General Paz.<\/p>\n<\/div>\n","protected":false},"excerpt":{"rendered":"<p>[Fm Riachuelo 28\/01\/2017] Frente a la ex Esma, s\u00edmbolo\u00a0del terrorismo de estado en la Argentina, se dieron cita cientos de militantes de La Garganta Poderosa. \u00a0Desde las asambleas territoriales de todo el pa\u00eds confluyeron\u00a0\u00a0para iniciar la Jornada por Luciano Arruga a 8 a\u00f1os de su Desaparici\u00f3n y Muerte, con un campeonato de futbol. La actividad [&hellip;]<\/p>\n","protected":false},"author":4,"featured_media":3631,"comment_status":"open","ping_status":"open","sticky":false,"template":"","format":"standard","meta":{"_monsterinsights_skip_tracking":false,"_monsterinsights_sitenote_active":false,"_monsterinsights_sitenote_note":"","_monsterinsights_sitenote_category":0,"jnews-multi-image_gallery":[],"jnews_single_post":[],"jnews_primary_category":[],"_joinchat":[],"footnotes":""},"categories":[78,79,76],"tags":[],"class_list":["post-3627","post","type-post","status-publish","format-standard","has-post-thumbnail","hentry","category-economia-popular","category-nadie-se-salva-solo","category-salud-comunitaria"],"_links":{"self":[{"href":"http:\/\/fmriachuelo.it10.com.ar\/index.php\/wp-json\/wp\/v2\/posts\/3627","targetHints":{"allow":["GET"]}}],"collection":[{"href":"http:\/\/fmriachuelo.it10.com.ar\/index.php\/wp-json\/wp\/v2\/posts"}],"about":[{"href":"http:\/\/fmriachuelo.it10.com.ar\/index.php\/wp-json\/wp\/v2\/types\/post"}],"author":[{"embeddable":true,"href":"http:\/\/fmriachuelo.it10.com.ar\/index.php\/wp-json\/wp\/v2\/users\/4"}],"replies":[{"embeddable":true,"href":"http:\/\/fmriachuelo.it10.com.ar\/index.php\/wp-json\/wp\/v2\/comments?post=3627"}],"version-history":[{"count":0,"href":"http:\/\/fmriachuelo.it10.com.ar\/index.php\/wp-json\/wp\/v2\/posts\/3627\/revisions"}],"wp:featuredmedia":[{"embeddable":true,"href":"http:\/\/fmriachuelo.it10.com.ar\/index.php\/wp-json\/"}],"wp:attachment":[{"href":"http:\/\/fmriachuelo.it10.com.ar\/index.php\/wp-json\/wp\/v2\/media?parent=3627"}],"wp:term":[{"taxonomy":"category","embeddable":true,"href":"http:\/\/fmriachuelo.it10.com.ar\/index.php\/wp-json\/wp\/v2\/categories?post=3627"},{"taxonomy":"post_tag","embeddable":true,"href":"http:\/\/fmriachuelo.it10.com.ar\/index.php\/wp-json\/wp\/v2\/tags?post=3627"}],"curies":[{"name":"wp","href":"https:\/\/api.w.org\/{rel}","templated":true}]}}