{"id":3619,"date":"2017-01-25T19:41:59","date_gmt":"2017-01-25T19:41:59","guid":{"rendered":"http:\/\/fmriachuelo.com.ar\/ljkjklj\/?p=3619"},"modified":"2017-01-25T19:41:59","modified_gmt":"2017-01-25T19:41:59","slug":"3619","status":"publish","type":"post","link":"http:\/\/fmriachuelo.it10.com.ar\/index.php\/2017\/01\/25\/3619\/","title":{"rendered":"CTEP REPUDIA OPERACION JUDICIAL EN PUNTA INDIO"},"content":{"rendered":"<p>[FMR 25\/01\/2017] Esta ma\u00f1ana se llev\u00f3 a cabo, en el local de la Confederaci\u00f3n de Trabajadores de la Econom\u00eda Popular (CTEP), una conferencia de prensa para repudiar la agresi\u00f3n judicial que el lunes sufrieron los trabajadores de la Cooperativa de Pescadores de Chascom\u00fas (Coopechas). El pasado lunes, los trabajadores de Coopechas fueron v\u00edctimas de tres allanamientos simult\u00e1neos en diferentes locales d\u00f3nde se organizan en el partido de Punta Indio, provincia de Buenos Aires. En la mesa de la conferencia, junto a los pescadores estuvieron presentes el Gringo Castro, secretario general de la CTEP, Lito Borello, referente de la Mesa Gremial 19 y 20 &#8211; CTEP, Rafa Klejzer, del MPLD La Dignidad &#8211; CTEP, y Sergio Sanchez del MTE &#8211; CTEP.<\/p>\n<p>En la conferencia se se\u00f1al\u00f3 duramente\u00a0la intencionalidad de la medida ordenada por el cuestionado juez provincial Guillermo Federico Atencia que, fundada en una denuncia an\u00f3nima, sorprende por lo desproporcionada en un contexto de feria judicial. C\u00f3mo se\u00f1alaba Rodolfo Morales, de Coopechas, la medida del juez apunta a evitar que los trabajadores de la econom\u00eda popular se organicen: \u00abarmaron todo el circo porque tienen miedo, tienen miedo a las organizaciones\u00bb.<\/p>\n<p><img loading=\"lazy\" decoding=\"async\" class=\"alignleft wp-image-3621 size-medium\" src=\"http:\/\/fmriachuelo.com.ar\/ljkjklj\/wp-content\/uploads\/2017\/01\/bandera-19y20-300x225.jpg\" alt=\"bandera 19y20\" width=\"300\" height=\"225\" \/>En ese mismo sentido hizo uso de la palabra Lito Borello: \u00abel poder tiene la intenci\u00f3n de amedrentar, de asustar, de dividir, de hacernos retroceder y que cada uno piense que tiene que resolver las cosas solo. Por eso es muy importante este apoyo de la CTEP\u00bb. Tambi\u00e9n agreg\u00f3: \u00abvamos a ir hasta las \u00faltimas consecuencias porque ac\u00e1 hay una intencionalidad de sacarnos de la cancha\u00bb.<\/p>\n<p>Sobre la situaci\u00f3n tambi\u00e9n opin\u00f3 el Gringo Castro, Secretario General de la CTEP: \u00abno nos olvidemos de que venimos de un triunfo importante, le hemos frenado el brazo al Imperio, estamos construyendo un sindicato para que nos reconozcan como trabajadores, estamos propiciando la unidad de los trabajadores, por eso aparecen estos vueltos de los monopolios\u00bb. Sobre el final de su intervenci\u00f3n advirti\u00f3: \u00abquiero que los compa\u00f1eros sepan que no est\u00e1n solos, la CTEP los va a apoyar porque la angustia y el dolor se enfrentan con m\u00e1s organizaci\u00f3n. El Papa dec\u00eda, no se achiquen, no tengan miedo, y eso es lo que vamos a hacer\u00bb.<\/p>\n<p>La conferencia cont\u00f3 con la participaci\u00f3n y adhesi\u00f3n de un amplio espectro de organizaciones sociales y de la econom\u00eda popular de todo el pa\u00eds. Entre ellas se contaba el Movimiento Evita, el Movimiento Seamos Libres, la Organizaci\u00f3n Social y Pol\u00edtica Los Pibes, el MP20, el Frente Popular Dar\u00edo Santill\u00e1n, La Garganta Poderosa, el Mov. Pedro Pablo Turner, Resumen Latinoamericano, Barricada TV, el Encuentro de Organizaciones de C\u00f3rdoba, la Agrupaci\u00f3n De Frente de M\u00e1ximo Paz, la OLP-Sim\u00f3n Bolivar, la Cooperativa Enrique Angeleli de La Paz, Entre R\u00edos, el Movimiento de Ocupantes e Inquilinos, el Movimiento Misioneros de Francisco, y la Agrupaci\u00f3n Carl\u00f3n Pereira Rossi, entre otras.<\/p>\n<p><img loading=\"lazy\" decoding=\"async\" class=\"size-large wp-image-3622 aligncenter\" src=\"http:\/\/fmriachuelo.com.ar\/ljkjklj\/wp-content\/uploads\/2017\/01\/publico-1024x624.jpg\" alt=\"publico\" width=\"640\" height=\"390\" \/><\/p>\n","protected":false},"excerpt":{"rendered":"<p>[FMR 25\/01\/2017] Esta ma\u00f1ana se llev\u00f3 a cabo, en el local de la Confederaci\u00f3n de Trabajadores de la Econom\u00eda Popular (CTEP), una conferencia de prensa para repudiar la agresi\u00f3n judicial que el lunes sufrieron los trabajadores de la Cooperativa de Pescadores de Chascom\u00fas (Coopechas). El pasado lunes, los trabajadores de Coopechas fueron v\u00edctimas de tres [&hellip;]<\/p>\n","protected":false},"author":4,"featured_media":3620,"comment_status":"open","ping_status":"open","sticky":false,"template":"","format":"standard","meta":{"_monsterinsights_skip_tracking":false,"_monsterinsights_sitenote_active":false,"_monsterinsights_sitenote_note":"","_monsterinsights_sitenote_category":0,"jnews-multi-image_gallery":[],"jnews_single_post":[],"jnews_primary_category":[],"_joinchat":[],"footnotes":""},"categories":[78,76,75],"tags":[],"class_list":["post-3619","post","type-post","status-publish","format-standard","has-post-thumbnail","hentry","category-economia-popular","category-salud-comunitaria","category-trabajo"],"_links":{"self":[{"href":"http:\/\/fmriachuelo.it10.com.ar\/index.php\/wp-json\/wp\/v2\/posts\/3619","targetHints":{"allow":["GET"]}}],"collection":[{"href":"http:\/\/fmriachuelo.it10.com.ar\/index.php\/wp-json\/wp\/v2\/posts"}],"about":[{"href":"http:\/\/fmriachuelo.it10.com.ar\/index.php\/wp-json\/wp\/v2\/types\/post"}],"author":[{"embeddable":true,"href":"http:\/\/fmriachuelo.it10.com.ar\/index.php\/wp-json\/wp\/v2\/users\/4"}],"replies":[{"embeddable":true,"href":"http:\/\/fmriachuelo.it10.com.ar\/index.php\/wp-json\/wp\/v2\/comments?post=3619"}],"version-history":[{"count":0,"href":"http:\/\/fmriachuelo.it10.com.ar\/index.php\/wp-json\/wp\/v2\/posts\/3619\/revisions"}],"wp:featuredmedia":[{"embeddable":true,"href":"http:\/\/fmriachuelo.it10.com.ar\/index.php\/wp-json\/"}],"wp:attachment":[{"href":"http:\/\/fmriachuelo.it10.com.ar\/index.php\/wp-json\/wp\/v2\/media?parent=3619"}],"wp:term":[{"taxonomy":"category","embeddable":true,"href":"http:\/\/fmriachuelo.it10.com.ar\/index.php\/wp-json\/wp\/v2\/categories?post=3619"},{"taxonomy":"post_tag","embeddable":true,"href":"http:\/\/fmriachuelo.it10.com.ar\/index.php\/wp-json\/wp\/v2\/tags?post=3619"}],"curies":[{"name":"wp","href":"https:\/\/api.w.org\/{rel}","templated":true}]}}