{"id":3609,"date":"2017-01-23T18:28:17","date_gmt":"2017-01-23T18:28:17","guid":{"rendered":"http:\/\/fmriachuelo.com.ar\/ljkjklj\/?p=3609"},"modified":"2017-01-23T18:28:17","modified_gmt":"2017-01-23T18:28:17","slug":"vive-en-cada-companero-dolor-por-el-fallecio-el-militante-popular-dario-julian-eugenio-icki","status":"publish","type":"post","link":"http:\/\/fmriachuelo.it10.com.ar\/index.php\/2017\/01\/23\/vive-en-cada-companero-dolor-por-el-fallecio-el-militante-popular-dario-julian-eugenio-icki\/","title":{"rendered":"\u00abVIVE EN CADA COMPA\u00d1ERO\u00bb, DOLOR POR LA MUERTE DEL MILITANTE POPULAR DAR\u00cdO JULI\u00c1N EUGENIO, \u00abICKI\u00bb"},"content":{"rendered":"<p style=\"text-align: justify\">[Fm Riachuelo 23\/01\/17] \u201c\u00a1Ha muerto un revolucionario, que viva la revoluci\u00f3n!\u201dEl s\u00e1bado pasado, 21 de enero, falleci\u00f3 el militante popular, Dar\u00edo Juli\u00e1n Eugenio \u00abIcki\u00bb, luego de sufrir las consecuencias de una herida de bala, que le dispar\u00f3 un sicario del PRO el a\u00f1o pasado, \u00a0y de lo cual nunca se pudo terminar de reponer.\u00a0Este domingo, fue velado con un sentido homenaje en la sede de la\u00a0CTEP (Central de Trabajadores de la Econom\u00eda Popular), en un reconocimiento que le brindaron no solo sus compa\u00f1eros sino militantes\u00a0de otras organizaciones populares que se\u00a0hicieron presentes. Sus restos fueron depositados hoy en el Cementario San Jos\u00e9 de Flores.<\/p>\n<p style=\"text-align: justify\">[Resumen Latinoamericano, 22 enero 2017] Este pasado s\u00e1bado falleci\u00f3 en el hospital donde estaba internado el conocido militante del Movimiento Popular La Dignidad (MPLD), Dar\u00edo \u201cIKI\u201d Juli\u00e1n, al quien el a\u00f1o pasado un puntero del partido de Macri le peg\u00f3 un tiro. En ese momento, los m\u00e9dicos lograron arranc\u00e1rselo a la muerte, pero el compa\u00f1ero qued\u00f3 con su salud seriamente afectados. Ahora, tras una operaci\u00f3n complicada y el derivado de aquella agresi\u00f3n, el cuerpo de \u201cIki\u201d no pudo aguantar m\u00e1s. Este domingo, el f\u00e9retro con los restos de este luchador popular fue velado en el local de la CTEP (Central de Trabajadores de la Econom\u00eda Popular). Hasta all\u00ed llegaron numerosos militantes, sus compa\u00f1eros, \u00a0del Movimiento Popular La Dignidad y de otras organizaciones populars para rendirle a \u201cIki\u201d un \u00faltimo homenaje. Recordamos que recientemente, otro militante del MPLD fue asesinado a tiros en el barrio, \u00a0en el que viv\u00eda, en la localidad bonaerense de Moreno.<\/p>\n<p>Jos\u00e9, un dirigente del MPLD, record\u00f3 la lucha y la trayectoria militante de \u201cIki\u201d en conversaci\u00f3n con Resumen Latinoamericano:<\/p>\n<p>\u201cIki era un ejemplo, de sacrificio y compa\u00f1erismo, un militante muy querido por la gente de los barrios y espacios por los que pas\u00f3. Tambi\u00e9n es un testimonio de lo que es nuestra historia como pueblo: estuvo siempre donde hab\u00eda que estar, junto a los suyos, poniendo el cuerpo y el coraz\u00f3n. Ahora que se nos fue, para nosotros es un dolor inmenso pero tambi\u00e9n una invitaci\u00f3n a seguir luchando reivindicando lo mejor que \u00e9l nos ha dejado: su entrega, humildad, cari\u00f1o y energ\u00eda vital que despleg\u00f3 siempre.<\/p>\n<p>Militaba en La Matanza, en el barrio Vicente L\u00f3pez y Planes y all\u00ed a causa de haber cuestionado negociados inmobiliarios en contra de sus compa\u00f1eros, y donde tambi\u00e9n estaba involucrada la empresa Coca Cola, surgi\u00f3 un conflicto. En una asamblea donde se trataba la construcci\u00f3n de un jard\u00edn infantil (que hoy est\u00e1 funcionando) un puntero del PRO (el partido de Mauricio Macri) le peg\u00f3 un tiro. A pesar de estar gravemente herido, como ya le hab\u00eda ocurrido en otras dos instancias, en el 2001 y 2002, logr\u00f3 salir a flote. En cambio ahora, en el marco de una nueva operaci\u00f3n y como consecuencia del castigo que ha recibido su cuerpo, lamentablemente falleci\u00f3, golpe\u00e1ndonos a todos los que lo hemos tenido a nuestro lado como un gran compa\u00f1ero\u201d.<\/p>\n","protected":false},"excerpt":{"rendered":"<p>[Fm Riachuelo 23\/01\/17] \u201c\u00a1Ha muerto un revolucionario, que viva la revoluci\u00f3n!\u201dEl s\u00e1bado pasado, 21 de enero, falleci\u00f3 el militante popular, Dar\u00edo Juli\u00e1n Eugenio \u00abIcki\u00bb, luego de sufrir las consecuencias de una herida de bala, que le dispar\u00f3 un sicario del PRO el a\u00f1o pasado, \u00a0y de lo cual nunca se pudo terminar de reponer.\u00a0Este domingo, [&hellip;]<\/p>\n","protected":false},"author":4,"featured_media":3610,"comment_status":"open","ping_status":"open","sticky":false,"template":"","format":"standard","meta":{"_monsterinsights_skip_tracking":false,"_monsterinsights_sitenote_active":false,"_monsterinsights_sitenote_note":"","_monsterinsights_sitenote_category":0,"jnews-multi-image_gallery":[],"jnews_single_post":[],"jnews_primary_category":[],"_joinchat":[],"footnotes":""},"categories":[78,74,75],"tags":[],"class_list":["post-3609","post","type-post","status-publish","format-standard","has-post-thumbnail","hentry","category-economia-popular","category-san-cayetano","category-trabajo"],"_links":{"self":[{"href":"http:\/\/fmriachuelo.it10.com.ar\/index.php\/wp-json\/wp\/v2\/posts\/3609","targetHints":{"allow":["GET"]}}],"collection":[{"href":"http:\/\/fmriachuelo.it10.com.ar\/index.php\/wp-json\/wp\/v2\/posts"}],"about":[{"href":"http:\/\/fmriachuelo.it10.com.ar\/index.php\/wp-json\/wp\/v2\/types\/post"}],"author":[{"embeddable":true,"href":"http:\/\/fmriachuelo.it10.com.ar\/index.php\/wp-json\/wp\/v2\/users\/4"}],"replies":[{"embeddable":true,"href":"http:\/\/fmriachuelo.it10.com.ar\/index.php\/wp-json\/wp\/v2\/comments?post=3609"}],"version-history":[{"count":0,"href":"http:\/\/fmriachuelo.it10.com.ar\/index.php\/wp-json\/wp\/v2\/posts\/3609\/revisions"}],"wp:featuredmedia":[{"embeddable":true,"href":"http:\/\/fmriachuelo.it10.com.ar\/index.php\/wp-json\/"}],"wp:attachment":[{"href":"http:\/\/fmriachuelo.it10.com.ar\/index.php\/wp-json\/wp\/v2\/media?parent=3609"}],"wp:term":[{"taxonomy":"category","embeddable":true,"href":"http:\/\/fmriachuelo.it10.com.ar\/index.php\/wp-json\/wp\/v2\/categories?post=3609"},{"taxonomy":"post_tag","embeddable":true,"href":"http:\/\/fmriachuelo.it10.com.ar\/index.php\/wp-json\/wp\/v2\/tags?post=3609"}],"curies":[{"name":"wp","href":"https:\/\/api.w.org\/{rel}","templated":true}]}}