{"id":360,"date":"2015-06-15T12:48:00","date_gmt":"2015-06-15T12:48:00","guid":{"rendered":"http:\/\/fmriachuelo.observatorioess.org.ar\/index.php\/2015\/06\/15\/la-boca-el-abandono-de-las-politicas-sociales\/"},"modified":"2025-04-01T15:32:16","modified_gmt":"2025-04-01T18:32:16","slug":"la-boca-el-abandono-de-las-politicas-sociales","status":"publish","type":"post","link":"http:\/\/fmriachuelo.it10.com.ar\/index.php\/2015\/06\/15\/la-boca-el-abandono-de-las-politicas-sociales\/","title":{"rendered":"LA BOCA:  EL ABANDONO DE LAS POLITICAS SOCIALES"},"content":{"rendered":"<p><span style=\"color: red;font-family: Verdana, sans-serif;font-size: large\"><strong>LAS POLITICAS DEL GOBIERNO DE LA CIUDAD<\/strong><\/span><br \/><span style=\"font-family: Verdana, sans-serif;font-size: large\"><strong>Los otros muertos del Estado ausente<\/strong><\/span><br \/><strong><span style=\"font-family: Verdana;font-size: large\"><\/span><\/strong><\/p>\n<div style=\"clear: both;text-align: center\"><a href=\"http:\/\/4.bp.blogspot.com\/-YxgFLlbyB4k\/VX7JRTQ9A6I\/AAAAAAAAEvo\/1EUSh1lfTTs\/s1600\/la%2Bboca1.jpg\" style=\"clear: left;float: left;margin-bottom: 1em;margin-right: 1em\"><img loading=\"lazy\" decoding=\"async\" border=\"0\" height=\"180\" src=\"http:\/\/4.bp.blogspot.com\/-YxgFLlbyB4k\/VX7JRTQ9A6I\/AAAAAAAAEvo\/1EUSh1lfTTs\/s320\/la%2Bboca1.jpg\" width=\"320\" \/><\/a><\/div>\n<div style=\"font-size: 13px;text-align: justify\"><span style=\"font-family: Verdana, sans-serif;font-size: small\">A Cecilia Albarrac\u00edn la acompa\u00f1a Jazm\u00edn, su hija de 9 a\u00f1os, la \u00fanica que pudo ser rescatada del incendio que se produjo, el 10 de enero de 2009, en las viviendas precarias que hab\u00edan levantado junto con otras familias dentro de la estructura abandonada del Banco de Italia y R\u00edo de la Plata, en la esquina de Almirante Brown y Su\u00e1rez. En el incendio, Cecilia perdi\u00f3 a seis de sus hijos: David, de 13 a\u00f1os; Emanuel, de 11; Ezequiel, de 9; Jes\u00fas, de 7; Bel\u00e9n, de 4; y Celeste, de 1 a\u00f1o.<\/p>\n<p>Madre e hija se hicieron presentes para homenajear a los que ya no est\u00e1n. \u201cElla es la \u00fanica que se salv\u00f3 del incendio, que se produjo cuando est\u00e1bamos durmiendo. Hab\u00eda muchas familias con chicos, gente humilde, trabajadora, aunque dijeron de nosotros que no trabaj\u00e1bamos, que no mand\u00e1bamos los chicos al colegio, pero s\u00ed trabaj\u00e1bamos y ellos iban al colegio.\u201d Su marido es cartonero y ella se declara \u201corgullosa de ser pobre\u201d, aunque admite que \u201cla pobreza siempre nos ataca as\u00ed\u201d, en referencia a la tragedia que la llev\u00f3 a alejarse de casi todo, menos de Jazm\u00edn y de los otros dos hijos que tiene. Reci\u00e9n ahora est\u00e1 participando en las actividades que proponen sus vecinos de La Boca.<br \/><a name='more'><\/a><br \/>Despu\u00e9s de lo sucedido, y de a\u00f1os de promesas incumplidas y maltratos, el Gobierno de la Ciudad le dio una vivienda. \u201cA veces me pongo a pensar por qu\u00e9 no nos ayudaron antes de perder a mis hijos.\u201d Dice que en la casa que se incendi\u00f3 \u201c\u00e9ramos una familia feliz, a pesar de todo. Ahora es Jazm\u00edn la que me ayuda a seguir, a levantarme todos los d\u00edas. Cuando pienso en mis otros hijos, siento que todav\u00eda los tengo conmigo\u201d. Sus ojos se llenan de l\u00e1grimas y vuelve a quedarse en silencio.<\/p>\n<p>Otras v\u00edctimas recordadas son Tiara Flores, de tres a\u00f1os, quien muri\u00f3 cuando un colectivo de la l\u00ednea 12 se estrell\u00f3 contra la casita en la que viv\u00eda, en la vereda de Quinquela Mart\u00edn y Azara; Benjam\u00edn C\u00e9sar Santino Paja, de un a\u00f1o y medio, muerto en un incendio ocurrido en un Hogar de Tr\u00e1nsito que ten\u00eda los matafuegos vencidos; V\u00edctor y H\u00e9ctor Herrera, de 11 y 9 a\u00f1os, quienes fallecieron en otro incendio en un conventillo de Melo y Coronel Salvadores; Diego Nicol\u00e1s N\u00fa\u00f1ez, de 18 a\u00f1os, vecino de La Boca asesinado en Caballito por el polic\u00eda de Interpol Pablo Carmona, quien le peg\u00f3 cinco tiros a corta distancia y fue absuelto; Sebasti\u00e1n Olmos, de 17, quien cay\u00f3 desde un primer piso cuando intentaba escapar de un incendio en un conventillo de la calle Lamadrid.<\/span><\/div>\n<div style=\"font-size: 13px\">&nbsp;<\/div>\n<p><span style=\"color: blue;font-family: Verdana, sans-serif\">Fuente:&nbsp;Carlos Rodr\u00edguez para Pagina 12, Producci\u00f3n Riachuelo<\/span><\/p>\n","protected":false},"excerpt":{"rendered":"<p>LAS POLITICAS DEL GOBIERNO DE LA CIUDADLos otros muertos del Estado ausente A Cecilia Albarrac\u00edn la acompa\u00f1a Jazm\u00edn, su hija de 9 a\u00f1os, la \u00fanica que pudo ser rescatada del incendio que se produjo, el 10 de enero de 2009, en las viviendas precarias que hab\u00edan levantado junto con otras familias dentro de la estructura [&hellip;]<\/p>\n","protected":false},"author":4,"featured_media":0,"comment_status":"open","ping_status":"open","sticky":false,"template":"","format":"standard","meta":{"_monsterinsights_skip_tracking":false,"_monsterinsights_sitenote_active":false,"_monsterinsights_sitenote_note":"","_monsterinsights_sitenote_category":0,"jnews-multi-image_gallery":[],"jnews_single_post":{"format":"standard"},"jnews_primary_category":[],"_joinchat":[],"footnotes":""},"categories":[58],"tags":[81,147],"class_list":["post-360","post","type-post","status-publish","format-standard","hentry","category-noticiariachuelo","tag-aguafuertes-portenas","tag-habitat"],"_links":{"self":[{"href":"http:\/\/fmriachuelo.it10.com.ar\/index.php\/wp-json\/wp\/v2\/posts\/360","targetHints":{"allow":["GET"]}}],"collection":[{"href":"http:\/\/fmriachuelo.it10.com.ar\/index.php\/wp-json\/wp\/v2\/posts"}],"about":[{"href":"http:\/\/fmriachuelo.it10.com.ar\/index.php\/wp-json\/wp\/v2\/types\/post"}],"author":[{"embeddable":true,"href":"http:\/\/fmriachuelo.it10.com.ar\/index.php\/wp-json\/wp\/v2\/users\/4"}],"replies":[{"embeddable":true,"href":"http:\/\/fmriachuelo.it10.com.ar\/index.php\/wp-json\/wp\/v2\/comments?post=360"}],"version-history":[{"count":1,"href":"http:\/\/fmriachuelo.it10.com.ar\/index.php\/wp-json\/wp\/v2\/posts\/360\/revisions"}],"predecessor-version":[{"id":23567,"href":"http:\/\/fmriachuelo.it10.com.ar\/index.php\/wp-json\/wp\/v2\/posts\/360\/revisions\/23567"}],"wp:attachment":[{"href":"http:\/\/fmriachuelo.it10.com.ar\/index.php\/wp-json\/wp\/v2\/media?parent=360"}],"wp:term":[{"taxonomy":"category","embeddable":true,"href":"http:\/\/fmriachuelo.it10.com.ar\/index.php\/wp-json\/wp\/v2\/categories?post=360"},{"taxonomy":"post_tag","embeddable":true,"href":"http:\/\/fmriachuelo.it10.com.ar\/index.php\/wp-json\/wp\/v2\/tags?post=360"}],"curies":[{"name":"wp","href":"https:\/\/api.w.org\/{rel}","templated":true}]}}