{"id":3599,"date":"2017-01-21T02:13:03","date_gmt":"2017-01-21T02:13:03","guid":{"rendered":"http:\/\/fmriachuelo.com.ar\/ljkjklj\/?p=3599"},"modified":"2017-01-21T02:13:03","modified_gmt":"2017-01-21T02:13:03","slug":"homenaje-a-eduardo-puebla-en-la-plaza-de-san-martin-pcia-de-buenos-aires","status":"publish","type":"post","link":"http:\/\/fmriachuelo.it10.com.ar\/index.php\/2017\/01\/21\/homenaje-a-eduardo-puebla-en-la-plaza-de-san-martin-pcia-de-buenos-aires\/","title":{"rendered":"HOMENAJE A EDUARDO PUEBLA EN LA PLAZA DE SAN MART\u00cdN, PCIA. DE BUENOS AIRES"},"content":{"rendered":"<p style=\"text-align: justify\">[ Fm Riachuelo 20\/01\/17] En horas del medio d\u00eda se realiz\u00f3 una actividad de homenaje al militante y luchador social Eduardo\u00a0Puebla, a 12 a\u00f1os de su fallecimiento. Un acto que cont\u00f3 con una numerosa concurrencia de militantes, referentes de movimientos, agrupaciones y organizaciones pol\u00edticas locales y que llegaron desde otras partes para el sentido homenaje. Un militante reconocido por su lucha en el campo de la salud p\u00fablica, contra la medicina como negocio y por el acceso popular a la salud. Eduardo Puebla uno de los fundadores de Organizaciones Libres del Pueblo.<\/p>\n<p style=\"text-align: justify\">Escuch\u00e1 los testimonios del acto realizado en la plaza de San Mart\u00edn, Pablo Puebla, Roberto Perd\u00eda, Berta Carranza y Lito Borello a continuaci\u00f3n:<\/p>\n<p style=\"text-align: justify\">En la plaza de San Mart\u00edn, distintas organizaciones sociales y pol\u00edticas se hicieron presentes para brindar\u00a0reconocimiento a la trayectoria militante y homenajear al compa\u00f1ero. Participaron compa\u00f1eros de organizaciones pol\u00edticas como: Organizaciones Libres del Pueblo, OLP, \u00a0de la Simon Bolivar, as\u00ed como tambi\u00e9n de la CTEP -Mesa Gremial 19 y 20, referentes como: \u00a0Roberto Perd\u00eda, Rafael Klejzer del MPLD, Lito Borello de O.S.y P. Los Pibes y referentes sindicales y de organizaciones de San Mart\u00edn, La Matanza y 3 de Febrero, tales como Mov. Evita, Municipales, ATE y CTA.<\/p>\n<p style=\"text-align: justify\"><img loading=\"lazy\" decoding=\"async\" class=\"alignnone size-large wp-image-3601\" src=\"http:\/\/fmriachuelo.com.ar\/ljkjklj\/wp-content\/uploads\/2017\/01\/WhatsApp-Image-2017-01-20-at-13.30.40-1024x576.jpeg\" alt=\"WhatsApp Image 2017-01-20 at 13.30.40\" width=\"640\" height=\"360\" \/><\/p>\n","protected":false},"excerpt":{"rendered":"<p>[ Fm Riachuelo 20\/01\/17] En horas del medio d\u00eda se realiz\u00f3 una actividad de homenaje al militante y luchador social Eduardo\u00a0Puebla, a 12 a\u00f1os de su fallecimiento. Un acto que cont\u00f3 con una numerosa concurrencia de militantes, referentes de movimientos, agrupaciones y organizaciones pol\u00edticas locales y que llegaron desde otras partes para el sentido homenaje. [&hellip;]<\/p>\n","protected":false},"author":4,"featured_media":3603,"comment_status":"open","ping_status":"open","sticky":false,"template":"","format":"standard","meta":{"_monsterinsights_skip_tracking":false,"_monsterinsights_sitenote_active":false,"_monsterinsights_sitenote_note":"","_monsterinsights_sitenote_category":0,"jnews-multi-image_gallery":[],"jnews_single_post":[],"jnews_primary_category":[],"_joinchat":[],"footnotes":""},"categories":[79,77],"tags":[],"class_list":["post-3599","post","type-post","status-publish","format-standard","has-post-thumbnail","hentry","category-nadie-se-salva-solo","category-soberania"],"_links":{"self":[{"href":"http:\/\/fmriachuelo.it10.com.ar\/index.php\/wp-json\/wp\/v2\/posts\/3599","targetHints":{"allow":["GET"]}}],"collection":[{"href":"http:\/\/fmriachuelo.it10.com.ar\/index.php\/wp-json\/wp\/v2\/posts"}],"about":[{"href":"http:\/\/fmriachuelo.it10.com.ar\/index.php\/wp-json\/wp\/v2\/types\/post"}],"author":[{"embeddable":true,"href":"http:\/\/fmriachuelo.it10.com.ar\/index.php\/wp-json\/wp\/v2\/users\/4"}],"replies":[{"embeddable":true,"href":"http:\/\/fmriachuelo.it10.com.ar\/index.php\/wp-json\/wp\/v2\/comments?post=3599"}],"version-history":[{"count":0,"href":"http:\/\/fmriachuelo.it10.com.ar\/index.php\/wp-json\/wp\/v2\/posts\/3599\/revisions"}],"wp:featuredmedia":[{"embeddable":true,"href":"http:\/\/fmriachuelo.it10.com.ar\/index.php\/wp-json\/"}],"wp:attachment":[{"href":"http:\/\/fmriachuelo.it10.com.ar\/index.php\/wp-json\/wp\/v2\/media?parent=3599"}],"wp:term":[{"taxonomy":"category","embeddable":true,"href":"http:\/\/fmriachuelo.it10.com.ar\/index.php\/wp-json\/wp\/v2\/categories?post=3599"},{"taxonomy":"post_tag","embeddable":true,"href":"http:\/\/fmriachuelo.it10.com.ar\/index.php\/wp-json\/wp\/v2\/tags?post=3599"}],"curies":[{"name":"wp","href":"https:\/\/api.w.org\/{rel}","templated":true}]}}