{"id":3595,"date":"2017-01-20T19:51:39","date_gmt":"2017-01-20T19:51:39","guid":{"rendered":"http:\/\/fmriachuelo.com.ar\/ljkjklj\/?p=3595"},"modified":"2017-01-20T19:51:39","modified_gmt":"2017-01-20T19:51:39","slug":"masiva-marcha-de-trabajadores-al-ministerio-de-trabajo-de-la-nacion-junto-a-la-federacion-grafica","status":"publish","type":"post","link":"http:\/\/fmriachuelo.it10.com.ar\/index.php\/2017\/01\/20\/masiva-marcha-de-trabajadores-al-ministerio-de-trabajo-de-la-nacion-junto-a-la-federacion-grafica\/","title":{"rendered":"MASIVA MARCHA DE TRABAJADORES AL MINISTERIO DE TRABAJO DE LA NACI\u00d3N, JUNTO A LA FEDERACI\u00d3N GR\u00c1FICA"},"content":{"rendered":"<p style=\"text-align: justify\">[Fm Riachuelo 20\/01\/17] Ayer se realiz\u00f3 una multitudinaria marcha hacia el Ministerio de Trabajo de la Naci\u00f3n, para solidarizarse con la Federaci\u00f3n Gr\u00e1fica que luego de una jornada de paro general del sector, se moviliz\u00f3 en repudio de los despidos de AGR Clar\u00edn.<\/p>\n<p style=\"text-align: justify\">Una convocatoria que excedi\u00f3 las previsiones, donde se sumaron distintas organizaciones de trabajadores, nucleados en las distintas centrales sindicales y sus lineas gremiales, \u00a0que se hicieron presentes para manifestarse frente al incumplimiento del acuerdo firmado por el estado que impide los despidos hasta marzo de 2017, que permitieron los irregulares despidos de los trabajadores gr\u00e1ficos del multimedio AGR Clar\u00edn.<\/p>\n<p><img loading=\"lazy\" decoding=\"async\" class=\"alignnone size-large wp-image-3596\" src=\"http:\/\/fmriachuelo.com.ar\/ljkjklj\/wp-content\/uploads\/2017\/01\/WhatsApp-Image-2017-01-19-at-17.30.05-1024x770.jpeg\" alt=\"WhatsApp Image 2017-01-19 at 17.30.05\" width=\"640\" height=\"481\" \/><\/p>\n","protected":false},"excerpt":{"rendered":"<p>[Fm Riachuelo 20\/01\/17] Ayer se realiz\u00f3 una multitudinaria marcha hacia el Ministerio de Trabajo de la Naci\u00f3n, para solidarizarse con la Federaci\u00f3n Gr\u00e1fica que luego de una jornada de paro general del sector, se moviliz\u00f3 en repudio de los despidos de AGR Clar\u00edn. Una convocatoria que excedi\u00f3 las previsiones, donde se sumaron distintas organizaciones de [&hellip;]<\/p>\n","protected":false},"author":4,"featured_media":3597,"comment_status":"open","ping_status":"open","sticky":false,"template":"","format":"standard","meta":{"_monsterinsights_skip_tracking":false,"_monsterinsights_sitenote_active":false,"_monsterinsights_sitenote_note":"","_monsterinsights_sitenote_category":0,"jnews-multi-image_gallery":[],"jnews_single_post":[],"jnews_primary_category":[],"_joinchat":[],"footnotes":""},"categories":[78,75],"tags":[],"class_list":["post-3595","post","type-post","status-publish","format-standard","has-post-thumbnail","hentry","category-economia-popular","category-trabajo"],"_links":{"self":[{"href":"http:\/\/fmriachuelo.it10.com.ar\/index.php\/wp-json\/wp\/v2\/posts\/3595","targetHints":{"allow":["GET"]}}],"collection":[{"href":"http:\/\/fmriachuelo.it10.com.ar\/index.php\/wp-json\/wp\/v2\/posts"}],"about":[{"href":"http:\/\/fmriachuelo.it10.com.ar\/index.php\/wp-json\/wp\/v2\/types\/post"}],"author":[{"embeddable":true,"href":"http:\/\/fmriachuelo.it10.com.ar\/index.php\/wp-json\/wp\/v2\/users\/4"}],"replies":[{"embeddable":true,"href":"http:\/\/fmriachuelo.it10.com.ar\/index.php\/wp-json\/wp\/v2\/comments?post=3595"}],"version-history":[{"count":0,"href":"http:\/\/fmriachuelo.it10.com.ar\/index.php\/wp-json\/wp\/v2\/posts\/3595\/revisions"}],"wp:featuredmedia":[{"embeddable":true,"href":"http:\/\/fmriachuelo.it10.com.ar\/index.php\/wp-json\/"}],"wp:attachment":[{"href":"http:\/\/fmriachuelo.it10.com.ar\/index.php\/wp-json\/wp\/v2\/media?parent=3595"}],"wp:term":[{"taxonomy":"category","embeddable":true,"href":"http:\/\/fmriachuelo.it10.com.ar\/index.php\/wp-json\/wp\/v2\/categories?post=3595"},{"taxonomy":"post_tag","embeddable":true,"href":"http:\/\/fmriachuelo.it10.com.ar\/index.php\/wp-json\/wp\/v2\/tags?post=3595"}],"curies":[{"name":"wp","href":"https:\/\/api.w.org\/{rel}","templated":true}]}}