{"id":3591,"date":"2017-01-18T14:00:10","date_gmt":"2017-01-18T14:00:10","guid":{"rendered":"http:\/\/fmriachuelo.com.ar\/ljkjklj\/?p=3591"},"modified":"2017-01-18T14:00:10","modified_gmt":"2017-01-18T14:00:10","slug":"ee-uu-liberan-al-luchador-por-la-independencia-de-puerto-rico-oscar-lopez-rivera","status":"publish","type":"post","link":"http:\/\/fmriachuelo.it10.com.ar\/index.php\/2017\/01\/18\/ee-uu-liberan-al-luchador-por-la-independencia-de-puerto-rico-oscar-lopez-rivera\/","title":{"rendered":"EE.UU. LIBERAN AL LUCHADOR POR LA INDEPENDENCIA DE PUERTO RICO, OSCAR LOPEZ RIVERA"},"content":{"rendered":"<div class=\"subtitle\">\n<p style=\"text-align: justify\">[Telesur | Resumen Latinoamericano |Fm Riachuelo Enero 17, 2017] El presidente \u00a0Barack Obama concedi\u00f3 el perd\u00f3n a \u00d3scar L\u00f3pez Rivera y conmut\u00f3 su condena a prisi\u00f3n, que expirar\u00e1 el pr\u00f3ximo 17 de mayo.<\/p>\n<\/div>\n<div class=\"txt_newworld\">\n<p style=\"text-align: justify\">El Gobierno de Estados Unidos (EE.UU.) anunci\u00f3 este martes la liberaci\u00f3n\u00a0Oscar L\u00f3pez Rivera, encarcelado en el pa\u00eds norteamericano desde hace 36 a\u00f1os por\u00a0su lucha por la independencia de Puerto Rico.<\/p>\n<p style=\"text-align: justify\">El presidente saliente de EE.UU., Barack Obama, concedi\u00f3 el perd\u00f3n a L\u00f3pez Rivera y conmut\u00f3 su condena a prisi\u00f3n, que expirar\u00e1 el pr\u00f3ximo 17 de mayo, seg\u00fan una fuente de la Casa Blanca, consultada por la agencia <em>EFE<\/em>.<\/p>\n<p style=\"text-align: justify\">L\u00f3pez Rivera, nacido en 1943 en Puerto Rico, es un l\u00edder independentista de su pa\u00eds natal. Es veterano de la Guerra de Vietnam, en la que fue condecorado por su valor en combate.<\/p>\n<p style=\"text-align: justify\">Al regresar a Chicago, se integr\u00f3 a la lucha por los derechos del pueblo puertorrique\u00f1o y particip\u00f3 en actos de desobediencia civil y militancia pac\u00edfica.<\/p>\n<p style=\"text-align: justify\">En 1976 se integr\u00f3 a la lucha clandestina en favor de la independencia de Puerto Rico como miembro de las Fuerzas Armadas de Liberaci\u00f3n Nacional. En 1981 fue capturado por el Bur\u00f3 Federal de Investigaciones (FBI) acusado de \u201cconspiraci\u00f3n\u201d y por su militancia en las FALN.<\/p>\n<p style=\"text-align: justify\">Al momento de su captura, reclam\u00f3 para s\u00ed la condici\u00f3n de \u201cPrisionero de Guerra\u201d, amparado en el protocolo primero de la convenci\u00f3n de ginebra de 1949. \u00a0El protocolo de ginebra ampara a Oscar L\u00f3pez por ser una persona detenida en conflicto y lucha contra la ocupaci\u00f3n colonial.<\/p>\n<p style=\"text-align: justify\">EE.UU. no reconoci\u00f3 la exigencia de L\u00f3pez Rivera y lo conden\u00f3 a 55 a\u00f1os de prisi\u00f3n, tras un supuesto intento de fuga, la sentencia aument\u00f3 a 70 a\u00f1os de c\u00e1rcel, 12 de los cuales los purg\u00f3 ya en aislamiento total.<\/p>\n<p style=\"text-align: justify\">El expresidente estadounidense Bill Clinton en 1999 le ofreci\u00f3 un indulto condicional. La oferta fue ofrecida a 13 miembros que aceptaron, pero L\u00f3pez Rivera la rechaz\u00f3.<\/p>\n<p style=\"text-align: justify\">Para \u00e9l la oferta presidencial inclu\u00eda la condici\u00f3n de cumplir 10 a\u00f1os m\u00e1s en la c\u00e1rcel con buen comportamiento.<\/p>\n<p style=\"text-align: justify\">L\u00edderes de todo el mundo, asi como organizaciones de derechos humanos, han exigido la liberaci\u00f3n de Oscar\u00a0L\u00f3pez Rivera.\u00a0El 18 de junio de 2012, el Comit\u00e9 de Descolonizaci\u00f3n de la ONU aprob\u00f3 una resoluci\u00f3n, promovida por Cuba, en la que ped\u00eda reconocer el derecho a la independencia y autodeterminaci\u00f3n de Puerto Rico e instaba a la liberaci\u00f3n de los independentistas prisioneros en Estados Unidos.<\/p>\n<\/div>\n<p>&nbsp;<\/p>\n","protected":false},"excerpt":{"rendered":"<p>[Telesur | Resumen Latinoamericano |Fm Riachuelo Enero 17, 2017] El presidente \u00a0Barack Obama concedi\u00f3 el perd\u00f3n a \u00d3scar L\u00f3pez Rivera y conmut\u00f3 su condena a prisi\u00f3n, que expirar\u00e1 el pr\u00f3ximo 17 de mayo. El Gobierno de Estados Unidos (EE.UU.) anunci\u00f3 este martes la liberaci\u00f3n\u00a0Oscar L\u00f3pez Rivera, encarcelado en el pa\u00eds norteamericano desde hace 36 a\u00f1os [&hellip;]<\/p>\n","protected":false},"author":4,"featured_media":3592,"comment_status":"open","ping_status":"open","sticky":false,"template":"","format":"standard","meta":{"_monsterinsights_skip_tracking":false,"_monsterinsights_sitenote_active":false,"_monsterinsights_sitenote_note":"","_monsterinsights_sitenote_category":0,"jnews-multi-image_gallery":[],"jnews_single_post":[],"jnews_primary_category":[],"_joinchat":[],"footnotes":""},"categories":[79],"tags":[],"class_list":["post-3591","post","type-post","status-publish","format-standard","has-post-thumbnail","hentry","category-nadie-se-salva-solo"],"_links":{"self":[{"href":"http:\/\/fmriachuelo.it10.com.ar\/index.php\/wp-json\/wp\/v2\/posts\/3591","targetHints":{"allow":["GET"]}}],"collection":[{"href":"http:\/\/fmriachuelo.it10.com.ar\/index.php\/wp-json\/wp\/v2\/posts"}],"about":[{"href":"http:\/\/fmriachuelo.it10.com.ar\/index.php\/wp-json\/wp\/v2\/types\/post"}],"author":[{"embeddable":true,"href":"http:\/\/fmriachuelo.it10.com.ar\/index.php\/wp-json\/wp\/v2\/users\/4"}],"replies":[{"embeddable":true,"href":"http:\/\/fmriachuelo.it10.com.ar\/index.php\/wp-json\/wp\/v2\/comments?post=3591"}],"version-history":[{"count":0,"href":"http:\/\/fmriachuelo.it10.com.ar\/index.php\/wp-json\/wp\/v2\/posts\/3591\/revisions"}],"wp:featuredmedia":[{"embeddable":true,"href":"http:\/\/fmriachuelo.it10.com.ar\/index.php\/wp-json\/"}],"wp:attachment":[{"href":"http:\/\/fmriachuelo.it10.com.ar\/index.php\/wp-json\/wp\/v2\/media?parent=3591"}],"wp:term":[{"taxonomy":"category","embeddable":true,"href":"http:\/\/fmriachuelo.it10.com.ar\/index.php\/wp-json\/wp\/v2\/categories?post=3591"},{"taxonomy":"post_tag","embeddable":true,"href":"http:\/\/fmriachuelo.it10.com.ar\/index.php\/wp-json\/wp\/v2\/tags?post=3591"}],"curies":[{"name":"wp","href":"https:\/\/api.w.org\/{rel}","templated":true}]}}