{"id":3585,"date":"2017-01-17T02:54:02","date_gmt":"2017-01-17T02:54:02","guid":{"rendered":"http:\/\/fmriachuelo.com.ar\/ljkjklj\/?p=3585"},"modified":"2017-01-17T02:54:02","modified_gmt":"2017-01-17T02:54:02","slug":"corriente-villera-independiente-acampa-frente-al-ministerio-de-espacio-publico-en-defensa-de-politicas-publicas-para-el-barrio-y-el-trabajo","status":"publish","type":"post","link":"http:\/\/fmriachuelo.it10.com.ar\/index.php\/2017\/01\/17\/corriente-villera-independiente-acampa-frente-al-ministerio-de-espacio-publico-en-defensa-de-politicas-publicas-para-el-barrio-y-el-trabajo\/","title":{"rendered":"CORRIENTE VILLERA INDEPENDIENTE ACAMPA FRENTE AL MINISTERIO DE ESPACIO P\u00daBLICO EN DEFENSA DE POL\u00cdTICAS P\u00daBLICAS PARA EL BARRIO Y EL TRABAJO"},"content":{"rendered":"<p style=\"text-align: justify\">[Fm Riachuelo 16\/01\/17] La Corriente Villera Independiente se moviliz\u00f3 frente al Ministerio de Espacio P\u00fablico de la Ciudad, donde realiza un acampe por el despido de seis compa\u00f1eras de la cooperativa de trabajo, que realiza la recolecci\u00f3n de residuos del barrio Los Piletones &#8211; Esperanza.<\/p>\n<p style=\"text-align: justify\">Una medida de contenido pol\u00edtico que adem\u00e1s intenta impedir que las trabajadoras se ocupen de las tareas de limpieza del barrio que habitan, mientras las cooperativas que perciben ingresos desde el estado de la ciudad tampoco cumplen con la tarea.<\/p>\n<p style=\"text-align: justify\"><strong><span style=\"color: #ff0000\">Fm Riachuelo<\/span><\/strong>, en su programa <strong><span style=\"color: #ff0000\">Rompe el Cerco Informativo<\/span><\/strong>, dialog\u00f3\u00a0con Marina Joski, integrante de la CVI, que nos relata la situaci\u00f3n de las compa\u00f1eras despedidas y denuncia la\u00a0falta de urbanizaci\u00f3n del barrio, a pesar de los anuncios medi\u00e1ticos en contrario. Escuchalo a continuaci\u00f3n:<\/p>\n<p style=\"text-align: justify\">El barrio La Esperanza, ubicado lindante a la autopista H\u00e9ctor C\u00e1mpora y la avenida Riestra, naci\u00f3 en 2009 como consecuencia del incendio de una manzana de Los Piletones.<\/p>\n<p style=\"text-align: justify\">Ante la falta de respuestas, los vecinos decidieron ir a la justicia y lograron una victoria el 12 de enero pasado cuando el juez de feria Dario Reynoso, a cargo del Juzgado en lo Contencioso Administrativo 3, orden\u00f3 a la Ciudad garantizar el suministro de agua potable mediante la colocaci\u00f3n de camiones cisterna. En el barrio Esperanza viven 500 personas, entre ellos 200 chicos.<\/p>\n<h3 class=\"article-deck\"><\/h3>\n","protected":false},"excerpt":{"rendered":"<p>[Fm Riachuelo 16\/01\/17] La Corriente Villera Independiente se moviliz\u00f3 frente al Ministerio de Espacio P\u00fablico de la Ciudad, donde realiza un acampe por el despido de seis compa\u00f1eras de la cooperativa de trabajo, que realiza la recolecci\u00f3n de residuos del barrio Los Piletones &#8211; Esperanza. Una medida de contenido pol\u00edtico que adem\u00e1s intenta impedir que [&hellip;]<\/p>\n","protected":false},"author":4,"featured_media":3586,"comment_status":"open","ping_status":"open","sticky":false,"template":"","format":"standard","meta":{"_monsterinsights_skip_tracking":false,"_monsterinsights_sitenote_active":false,"_monsterinsights_sitenote_note":"","_monsterinsights_sitenote_category":0,"jnews-multi-image_gallery":[],"jnews_single_post":[],"jnews_primary_category":[],"_joinchat":[],"footnotes":""},"categories":[78,76,74],"tags":[],"class_list":["post-3585","post","type-post","status-publish","format-standard","has-post-thumbnail","hentry","category-economia-popular","category-salud-comunitaria","category-san-cayetano"],"_links":{"self":[{"href":"http:\/\/fmriachuelo.it10.com.ar\/index.php\/wp-json\/wp\/v2\/posts\/3585","targetHints":{"allow":["GET"]}}],"collection":[{"href":"http:\/\/fmriachuelo.it10.com.ar\/index.php\/wp-json\/wp\/v2\/posts"}],"about":[{"href":"http:\/\/fmriachuelo.it10.com.ar\/index.php\/wp-json\/wp\/v2\/types\/post"}],"author":[{"embeddable":true,"href":"http:\/\/fmriachuelo.it10.com.ar\/index.php\/wp-json\/wp\/v2\/users\/4"}],"replies":[{"embeddable":true,"href":"http:\/\/fmriachuelo.it10.com.ar\/index.php\/wp-json\/wp\/v2\/comments?post=3585"}],"version-history":[{"count":0,"href":"http:\/\/fmriachuelo.it10.com.ar\/index.php\/wp-json\/wp\/v2\/posts\/3585\/revisions"}],"wp:featuredmedia":[{"embeddable":true,"href":"http:\/\/fmriachuelo.it10.com.ar\/index.php\/wp-json\/"}],"wp:attachment":[{"href":"http:\/\/fmriachuelo.it10.com.ar\/index.php\/wp-json\/wp\/v2\/media?parent=3585"}],"wp:term":[{"taxonomy":"category","embeddable":true,"href":"http:\/\/fmriachuelo.it10.com.ar\/index.php\/wp-json\/wp\/v2\/categories?post=3585"},{"taxonomy":"post_tag","embeddable":true,"href":"http:\/\/fmriachuelo.it10.com.ar\/index.php\/wp-json\/wp\/v2\/tags?post=3585"}],"curies":[{"name":"wp","href":"https:\/\/api.w.org\/{rel}","templated":true}]}}