{"id":3582,"date":"2017-01-17T02:31:37","date_gmt":"2017-01-17T02:31:37","guid":{"rendered":"http:\/\/fmriachuelo.com.ar\/ljkjklj\/?p=3582"},"modified":"2017-01-17T02:31:37","modified_gmt":"2017-01-17T02:31:37","slug":"contundente-rechazo-a-la-medida-de-artes-graficas-rioplatenses-clarin-trabajadores-ocupan-la-planta-en-defensa-del-trabajo","status":"publish","type":"post","link":"http:\/\/fmriachuelo.it10.com.ar\/index.php\/2017\/01\/17\/contundente-rechazo-a-la-medida-de-artes-graficas-rioplatenses-clarin-trabajadores-ocupan-la-planta-en-defensa-del-trabajo\/","title":{"rendered":"CONTUNDENTE RECHAZO A LA MEDIDA DE ARTES GR\u00c1FICAS RIOPLATENSES, CLARIN: TRABAJADORES OCUPAN LA PLANTA EN DEFENSA DEL TRABAJO"},"content":{"rendered":"<p>[Fm Riachuelo 16\/01\/17] Los trabajadores \u00a0de la empresa Artes Graficas Rioplatenses, del grupo Clar\u00edn, rechazaron el despido injustificado. En defensa de la fuente de trabajo y para evitar el vaciamiento de planta decidieron ocupar las instalaciones de AGR. LLamaron a la presencia de las organizaciones, sindicatos y demas organizaciones de la sociedad para acompa\u00f1ar una lucha que se enmarca en las pol\u00edticas actuales del gobierno que impulsa la flexibilizaci\u00f3n laboral, a trav\u00e9s de las pol\u00edticas de extorsi\u00f3n. El gremio convoca a un proximo paro de trabajadores del sector. La medida de protesta se lleva adelante en medio de un fuerte operativo policial y el silenciamiento que han producido los grandes grupos medi\u00e1ticos.<\/p>\n<p>Desde <strong><span style=\"color: #ff0000\">Fm Riachuelo<\/span><\/strong> nos solidarizamos con los trabajadores gr\u00e1ficos y acompa\u00f1amos la medida en defensa del trabajo y por la unidad de lxs trabajadores.<\/p>\n<p>Escuch\u00e1 a\u00a0Pablo Vi\u00f1as delegado de AGR- CLARIN:<\/p>\n<p>Comunicado de los trabajadores de AGR-CLAR\u00cdN<br \/>\nEnero 16, 2017<br \/>\nEn la ma\u00f1ana de hoy mientras los trabajadores de la gr\u00e1fica Artes Gr\u00e1ficas Rioplatense del grupo Clar\u00edn, ubicada en el barrio de Pompeya, se dispon\u00edan a entrar a trabajar, se encontraron con un cartel de la empresa donde anuncia la decisi\u00f3n de cerrar la planta aduciendo una crisis que no es tal (aqu\u00ed se imprimen Revista Viva, Rumbos, Genios, Jard\u00edn, Cablevisi\u00f3n, Gu\u00edas telef\u00f3nicas, libros escolares, folleter\u00eda, etc). Se trata evidentemente de una maniobra que busca quebrar la organizaci\u00f3n de la planta para imponer el ajuste que al amparo de la pol\u00edtica oficial ya ha avanzado en otros sectores del gremio. Los trabajadores de AGR-CLAR\u00cdN se encuentran en este momento en su lugar de trabajo desarrollado un paro por tiempo indeterminado en defensa de sus puestos y condiciones de trabajo. Mientras en la puerta se est\u00e1 desenvolviendo un desproporcionado aparato represivo de la polic\u00eda federal, gendarmer\u00eda y personal de seguridad privada. La comisi\u00f3n interna y los trabajadores de AGR convocan de manera urgente a todas las organizaciones pol\u00edticas, sociales, de ddhh y personalidades a acercarse de manera inmediata para rodear de solidaridad el conflicto, y reclaman a la direcci\u00f3n del sindicato gr\u00e1fico la urgente convocatoria al plenario de delegados para tomar medidas de conjunto.<\/p>\n<p>AGR: Corrales 1393<br \/>\nPablo Vi\u00f1as 1141777168<\/p>\n","protected":false},"excerpt":{"rendered":"<p>[Fm Riachuelo 16\/01\/17] Los trabajadores \u00a0de la empresa Artes Graficas Rioplatenses, del grupo Clar\u00edn, rechazaron el despido injustificado. En defensa de la fuente de trabajo y para evitar el vaciamiento de planta decidieron ocupar las instalaciones de AGR. LLamaron a la presencia de las organizaciones, sindicatos y demas organizaciones de la sociedad para acompa\u00f1ar una [&hellip;]<\/p>\n","protected":false},"author":4,"featured_media":3583,"comment_status":"open","ping_status":"open","sticky":false,"template":"","format":"standard","meta":{"_monsterinsights_skip_tracking":false,"_monsterinsights_sitenote_active":false,"_monsterinsights_sitenote_note":"","_monsterinsights_sitenote_category":0,"jnews-multi-image_gallery":[],"jnews_single_post":[],"jnews_primary_category":[],"_joinchat":[],"footnotes":""},"categories":[78,76,77,75],"tags":[],"class_list":["post-3582","post","type-post","status-publish","format-standard","has-post-thumbnail","hentry","category-economia-popular","category-salud-comunitaria","category-soberania","category-trabajo"],"_links":{"self":[{"href":"http:\/\/fmriachuelo.it10.com.ar\/index.php\/wp-json\/wp\/v2\/posts\/3582","targetHints":{"allow":["GET"]}}],"collection":[{"href":"http:\/\/fmriachuelo.it10.com.ar\/index.php\/wp-json\/wp\/v2\/posts"}],"about":[{"href":"http:\/\/fmriachuelo.it10.com.ar\/index.php\/wp-json\/wp\/v2\/types\/post"}],"author":[{"embeddable":true,"href":"http:\/\/fmriachuelo.it10.com.ar\/index.php\/wp-json\/wp\/v2\/users\/4"}],"replies":[{"embeddable":true,"href":"http:\/\/fmriachuelo.it10.com.ar\/index.php\/wp-json\/wp\/v2\/comments?post=3582"}],"version-history":[{"count":0,"href":"http:\/\/fmriachuelo.it10.com.ar\/index.php\/wp-json\/wp\/v2\/posts\/3582\/revisions"}],"wp:featuredmedia":[{"embeddable":true,"href":"http:\/\/fmriachuelo.it10.com.ar\/index.php\/wp-json\/"}],"wp:attachment":[{"href":"http:\/\/fmriachuelo.it10.com.ar\/index.php\/wp-json\/wp\/v2\/media?parent=3582"}],"wp:term":[{"taxonomy":"category","embeddable":true,"href":"http:\/\/fmriachuelo.it10.com.ar\/index.php\/wp-json\/wp\/v2\/categories?post=3582"},{"taxonomy":"post_tag","embeddable":true,"href":"http:\/\/fmriachuelo.it10.com.ar\/index.php\/wp-json\/wp\/v2\/tags?post=3582"}],"curies":[{"name":"wp","href":"https:\/\/api.w.org\/{rel}","templated":true}]}}