{"id":358,"date":"2015-06-15T13:37:00","date_gmt":"2015-06-15T13:37:00","guid":{"rendered":"http:\/\/fmriachuelo.observatorioess.org.ar\/index.php\/2015\/06\/15\/confederacion-de-trabajadores-de-la-economia-popular-en-la-oit\/"},"modified":"2025-04-01T15:49:06","modified_gmt":"2025-04-01T18:49:06","slug":"confederacion-de-trabajadores-de-la-economia-popular-en-la-oit","status":"publish","type":"post","link":"http:\/\/fmriachuelo.it10.com.ar\/index.php\/2015\/06\/15\/confederacion-de-trabajadores-de-la-economia-popular-en-la-oit\/","title":{"rendered":"CONFEDERACION DE TRABAJADORES DE LA ECONOM\u00cdA POPULAR EN LA OIT"},"content":{"rendered":"<p><span style=\"color: red;font-family: Verdana, sans-serif;font-size: large\"><strong>LOS TRABAJADORES DE LA ECONOM\u00cdA POPULAR DISCUTEN POLITICAS DE TRABAJO<\/strong><\/span><br \/><span style=\"font-family: Verdana, sans-serif;font-size: large\"><strong>Una cartonera en Ginebra<\/strong><\/span><\/p>\n<div style=\"clear: both;text-align: justify\"><a href=\"http:\/\/4.bp.blogspot.com\/-5E99AmEyBcw\/VX7TbH3edwI\/AAAAAAAAEwE\/hSfNaB2hwj0\/s1600\/16-Paola-419x350.jpg\" style=\"clear: left;float: left;margin-bottom: 1em;margin-right: 1em\"><\/a><a href=\"http:\/\/4.bp.blogspot.com\/-5E99AmEyBcw\/VX7TbH3edwI\/AAAAAAAAEwE\/hSfNaB2hwj0\/s1600\/16-Paola-419x350.jpg\" style=\"clear: left;float: left;margin-bottom: 1em;margin-right: 1em\"><img loading=\"lazy\" decoding=\"async\" border=\"0\" height=\"166\" src=\"http:\/\/4.bp.blogspot.com\/-5E99AmEyBcw\/VX7TbH3edwI\/AAAAAAAAEwE\/hSfNaB2hwj0\/s200\/16-Paola-419x350.jpg\" width=\"200\" \/><\/a><\/p>\n<div style=\"text-align: justify\"><span style=\"font-family: Verdana, sans-serif\">Paola Caviedes viaj\u00f3 desde Villa Fiorito hasta Ginebra con una escala en Ezeiza. Se puso sus mejores galas \u2013su uniforme cartonero\u2013 y, a cara de perro, negoci\u00f3 de igual a igual con empresarios y sindicalistas del mundo un instrumento de derecho p\u00fablico internacional. Fue durante la 104\u00b0 Conferencia Internacional del Trabajo. Los suizos la vieron pasearse por la costa del Lago Lem\u00e1n, junto a vendedoras ambulantes, transportistas, artesanas y cartoneras de India, Nicaragua, Malasia, Bulgaria, Colombia, Filipinas y Tailandia, 14 mujeres seleccionadas por un organismo consultivo de la Organizaci\u00f3n Internacionl de Trabajo (OIT para concurrir al evento en representaci\u00f3n de los trabajadores informales).<\/p>\n<p>Paola integra el Consejo de la Cooperativa Amanecer de los Cartoneros y coordina su jard\u00edn maternal donde todas las noches, de 18 a 23h, asisten m\u00e1s de 200 ni\u00f1os mientras sus padres laburan. Esta guarder\u00eda fue una conquista de la lucha contra el trabajo infantil que llev\u00f3 adelante su organizaci\u00f3n social, el Movimiento de Trabajadores Excluidos, siempre desde una perspectiva de construcci\u00f3n popular y nunca desde la estigmatizaci\u00f3n o denuncismo. Paola lleva con orgullo su carnet de afiliada a su sindicato, la Confederaci\u00f3n de Trabajadores de la Econom\u00eda Popular, y en su paso por los Alpes, defendi\u00f3 a capa y espada el derecho de los trabajadores excluidos a sindicalizarse, acceder a la seguridad social y tener un piso de derechos.<\/p>\n<p>A diferencia de los empresarios y no pocos sindicalistas \u201cformales\u201d, Pao no se pudo traer ni un reloj cuc\u00fa ni una navaja Victorinox ni unos chocolates t\u00edpicos. Pero nos trajo unas cuantas reivindicaciones. Es que la \u201crecomendaci\u00f3n\u201d que aprob\u00f3 este organismo de las Naciones Unidas recoge gran parte del programa reivindicativo que presentamos desde la CTEP y una veintena de organizaciones latinoamericanas: el Manifiesto de Buenos Aires elaborado durante el Taller Internacional de Econom\u00eda Popular que coorganizamos con Wiego en marzo de 2014 (<a href=\"http:\/\/ctepargentina.org.ar\/manifiesto-de-buenos-aires\/\">http:\/\/ctepargentina.org.ar\/manifiesto-de-buenos-aires\/<\/a>)<\/span><\/div>\n<p><span style=\"font-family: Verdana, sans-serif\"><\/span><a name='more'><\/a><br \/><span style=\"font-family: Verdana, sans-serif\"><br \/>Entre otras cosas, en su ac\u00e1pite 31, el Tratado dice que: \u201cLos Miembros deber\u00edan garantizar que las personas ocupadas en la econom\u00eda informal disfruten de la libertad de asociaci\u00f3n y la libertad sindical y ejerzan el derecho de negociaci\u00f3n colectiva, incluido el derecho de constituir las organizaciones, federaciones y confederaciones que estimen convenientes y de afiliarse a las mismas sujeto a lo dispuesto en sus estatutos\u201d.<\/p>\n<p>Con eso s\u00f3lo, el objetivo estaba m\u00e1s que cumplido pero el instrumento establece tambi\u00e9n que:<\/p>\n<p>\u201cLos Miembros deber\u00edan extender progresivamente la cobertura del seguro social a las personas ocupadas en la econom\u00eda informal\u201d (traducido: garantizar el monotributo social o alguna pol\u00edtica similar para todos nuestros compa\u00f1eros).<\/p>\n<p>\u201cLos Miembros deber\u00edan alentar la prestaci\u00f3n de servicios de guarder\u00eda\u201d como venimos reclamando, replicar el modelo de la Cooperativa Amanecer para erradicar el trabajo infantil.<\/p>\n<p>\u201cLa promoci\u00f3n de estrategias de desarrollo local en los medios rural y urbano, incluyendo el acceso regulado a la utilizaci\u00f3n de los espacios p\u00fablicos y el acceso regulado a los recursos naturales p\u00fablicos con fines de subsistencia\u201d, terminar con la persecuci\u00f3n que se ejerce en algunos distritos como la Ciudad de Buenos Aires y Rosario contra los manteros, artesanos y otros trabajadores de la v\u00eda p\u00fablica o la represi\u00f3n contra los cazadores, pescadores y recolectores de subsistencia que vemos tan frecuentemente en la Patagonia.<\/p>\n<p>\u201cEl establecimiento de pisos de protecci\u00f3n social, cuando no existan, y la extensi\u00f3n de la cobertura de la seguridad social\u201d (garantizar un salario social m\u00ednimo y un piso de derechos sociales para nuestros compa\u00f1eros).<\/p>\n<p>\u201cAl elaborar, aplicar y evaluar las pol\u00edticas y programas pertinentes con respecto a la econom\u00eda informal, incluida su formalizaci\u00f3n, los Miembros deber\u00edan celebrar consultas con las organizaciones\u201d (los compa\u00f1eros deben ser consultados para el dise\u00f1o e implementaci\u00f3n de los programas sociales que los competan).<\/p>\n<p>\u201cAdoptar medidas inmediatas para subsanar las condiciones de trabajo inseguras e insalubres que a menudo caracterizan el trabajo en la econom\u00eda informal\u201d (como venimos reclamando, de manera urgente, garantizar condiciones de seguridad b\u00e1sica con la provisi\u00f3n de matafuegos, instalaciones el\u00e9ctricas y de gas, etc. para las unidades productivas de la econom\u00eda informal).<\/p>\n<p>\u201cReformar las normativas sobre la creaci\u00f3n de empresas, reduciendo los costos de registro y la duraci\u00f3n del procedimiento\u201d (basta de tener las matr\u00edculas de cooperativa en tr\u00e1mite en el Inaes durante 18 meses y pagando contadores y abogados para que firmen balances e informes innecesarios).<\/p>\n<p>Con independencia del benepl\u00e1cito por los triunfos obtenidos, que deben hacerse operativos en breve en la Argentina, el texto de la recomendaci\u00f3n no aborda las causas estructurales del trabajo informal, la desigualdad y la pobreza, ni ataca los abusos de las trasnacionales y el sector financiero. Es llamativo que la recomendaci\u00f3n, en su lucha por el blanqueo de la econom\u00eda, no condene los para\u00edsos fiscales, del secreto bancario y otras artima\u00f1as de los banqueros para proseguir con su adoraci\u00f3n idol\u00e1trica del dinero en vez de ponerlo al servicio del Trabajo Digno. Es raro que la cede de la Organizaci\u00f3n del Trabajo siga en un emblema del capitalismo financiero. En cualquier caso, bienvenidos sean los derechos conquistados y a trabajar por que se cumplan, en la perspectiva de una alternativa popular a esta globalizaci\u00f3n excluyente.<\/p>\n<p><span style=\"color: blue\">Fuente: Juan Grabois para Miradas al Sur, Producci\u00f3n Riachuelo<\/span><\/span><\/div>\n","protected":false},"excerpt":{"rendered":"<p>LOS TRABAJADORES DE LA ECONOM\u00cdA POPULAR DISCUTEN POLITICAS DE TRABAJOUna cartonera en Ginebra Paola Caviedes viaj\u00f3 desde Villa Fiorito hasta Ginebra con una escala en Ezeiza. Se puso sus mejores galas \u2013su uniforme cartonero\u2013 y, a cara de perro, negoci\u00f3 de igual a igual con empresarios y sindicalistas del mundo un instrumento de derecho p\u00fablico [&hellip;]<\/p>\n","protected":false},"author":4,"featured_media":0,"comment_status":"open","ping_status":"open","sticky":false,"template":"","format":"standard","meta":{"_monsterinsights_skip_tracking":false,"_monsterinsights_sitenote_active":false,"_monsterinsights_sitenote_note":"","_monsterinsights_sitenote_category":0,"jnews-multi-image_gallery":[],"jnews_single_post":{"format":"standard"},"jnews_primary_category":[],"_joinchat":[],"footnotes":""},"categories":[58],"tags":[64,86,167,148],"class_list":["post-358","post","type-post","status-publish","format-standard","hentry","category-noticiariachuelo","tag-economia-popular","tag-noti-ctep","tag-politica-internacional","tag-trabajo"],"_links":{"self":[{"href":"http:\/\/fmriachuelo.it10.com.ar\/index.php\/wp-json\/wp\/v2\/posts\/358","targetHints":{"allow":["GET"]}}],"collection":[{"href":"http:\/\/fmriachuelo.it10.com.ar\/index.php\/wp-json\/wp\/v2\/posts"}],"about":[{"href":"http:\/\/fmriachuelo.it10.com.ar\/index.php\/wp-json\/wp\/v2\/types\/post"}],"author":[{"embeddable":true,"href":"http:\/\/fmriachuelo.it10.com.ar\/index.php\/wp-json\/wp\/v2\/users\/4"}],"replies":[{"embeddable":true,"href":"http:\/\/fmriachuelo.it10.com.ar\/index.php\/wp-json\/wp\/v2\/comments?post=358"}],"version-history":[{"count":1,"href":"http:\/\/fmriachuelo.it10.com.ar\/index.php\/wp-json\/wp\/v2\/posts\/358\/revisions"}],"predecessor-version":[{"id":23574,"href":"http:\/\/fmriachuelo.it10.com.ar\/index.php\/wp-json\/wp\/v2\/posts\/358\/revisions\/23574"}],"wp:attachment":[{"href":"http:\/\/fmriachuelo.it10.com.ar\/index.php\/wp-json\/wp\/v2\/media?parent=358"}],"wp:term":[{"taxonomy":"category","embeddable":true,"href":"http:\/\/fmriachuelo.it10.com.ar\/index.php\/wp-json\/wp\/v2\/categories?post=358"},{"taxonomy":"post_tag","embeddable":true,"href":"http:\/\/fmriachuelo.it10.com.ar\/index.php\/wp-json\/wp\/v2\/tags?post=358"}],"curies":[{"name":"wp","href":"https:\/\/api.w.org\/{rel}","templated":true}]}}