{"id":3578,"date":"2017-01-13T12:43:28","date_gmt":"2017-01-13T12:43:28","guid":{"rendered":"http:\/\/fmriachuelo.com.ar\/ljkjklj\/?p=3578"},"modified":"2017-01-13T12:43:28","modified_gmt":"2017-01-13T12:43:28","slug":"trabajadores-de-la-economia-popular-de-la-via-publica-reprimidos-por-el-estado-de-la-ciudad","status":"publish","type":"post","link":"http:\/\/fmriachuelo.it10.com.ar\/index.php\/2017\/01\/13\/trabajadores-de-la-economia-popular-de-la-via-publica-reprimidos-por-el-estado-de-la-ciudad\/","title":{"rendered":"TRABAJADORES DE LA ECONOM\u00cdA POPULAR, DE LA V\u00cdA P\u00daBLICA, EN CONFLICTO CON EL ESTADO DE LA CIUDAD"},"content":{"rendered":"<p style=\"text-align: justify\">[Fm Riachuelo 13\/01\/17] El miercoles por la noche finaliz\u00f3 la reuni\u00f3n entre representantes de los trabajadores de la v\u00eda p\u00fablica del barrio de Once: manteros, feriantes y vendedores ambulantes, con los representantes del Gobierno de la Ciudad. Una parte de estos trabajadores acordaron con el gobierno y aceptaron la oferta de ser censados y un subsidio por dos meses, al mismo tiempo otro grupo rechaz\u00f3 la propuesta porque no constituye una respuesta suficiente para los trabajadores. Contin\u00faa la incertidumbre entre los trabajadores de la v\u00eda p\u00fablica sobre lo que ocurrir\u00e1 con sus fuentes de trabajo.<\/p>\n<p><strong><span style=\"color: #ff0000\">Fm Riachuelo<\/span><\/strong> entrevist\u00f3 a Gabriela Olgu\u00edn, referente de la rama de la v\u00eda p\u00fablica de la CTEP, que nos cont\u00f3 la situaci\u00f3n y la posici\u00f3n de la gremial que nuclea a una parte de esos trabajadores de la econom\u00eda popular. Escuchalo a continuaci\u00f3n:<\/p>\n<p>&nbsp;<\/p>\n","protected":false},"excerpt":{"rendered":"<p>[Fm Riachuelo 13\/01\/17] El miercoles por la noche finaliz\u00f3 la reuni\u00f3n entre representantes de los trabajadores de la v\u00eda p\u00fablica del barrio de Once: manteros, feriantes y vendedores ambulantes, con los representantes del Gobierno de la Ciudad. Una parte de estos trabajadores acordaron con el gobierno y aceptaron la oferta de ser censados y un [&hellip;]<\/p>\n","protected":false},"author":4,"featured_media":3579,"comment_status":"open","ping_status":"open","sticky":false,"template":"","format":"standard","meta":{"_monsterinsights_skip_tracking":false,"_monsterinsights_sitenote_active":false,"_monsterinsights_sitenote_note":"","_monsterinsights_sitenote_category":0,"jnews-multi-image_gallery":[],"jnews_single_post":[],"jnews_primary_category":[],"_joinchat":[],"footnotes":""},"categories":[78,76,75],"tags":[],"class_list":["post-3578","post","type-post","status-publish","format-standard","has-post-thumbnail","hentry","category-economia-popular","category-salud-comunitaria","category-trabajo"],"_links":{"self":[{"href":"http:\/\/fmriachuelo.it10.com.ar\/index.php\/wp-json\/wp\/v2\/posts\/3578","targetHints":{"allow":["GET"]}}],"collection":[{"href":"http:\/\/fmriachuelo.it10.com.ar\/index.php\/wp-json\/wp\/v2\/posts"}],"about":[{"href":"http:\/\/fmriachuelo.it10.com.ar\/index.php\/wp-json\/wp\/v2\/types\/post"}],"author":[{"embeddable":true,"href":"http:\/\/fmriachuelo.it10.com.ar\/index.php\/wp-json\/wp\/v2\/users\/4"}],"replies":[{"embeddable":true,"href":"http:\/\/fmriachuelo.it10.com.ar\/index.php\/wp-json\/wp\/v2\/comments?post=3578"}],"version-history":[{"count":0,"href":"http:\/\/fmriachuelo.it10.com.ar\/index.php\/wp-json\/wp\/v2\/posts\/3578\/revisions"}],"wp:featuredmedia":[{"embeddable":true,"href":"http:\/\/fmriachuelo.it10.com.ar\/index.php\/wp-json\/"}],"wp:attachment":[{"href":"http:\/\/fmriachuelo.it10.com.ar\/index.php\/wp-json\/wp\/v2\/media?parent=3578"}],"wp:term":[{"taxonomy":"category","embeddable":true,"href":"http:\/\/fmriachuelo.it10.com.ar\/index.php\/wp-json\/wp\/v2\/categories?post=3578"},{"taxonomy":"post_tag","embeddable":true,"href":"http:\/\/fmriachuelo.it10.com.ar\/index.php\/wp-json\/wp\/v2\/tags?post=3578"}],"curies":[{"name":"wp","href":"https:\/\/api.w.org\/{rel}","templated":true}]}}