{"id":3573,"date":"2017-01-13T02:30:33","date_gmt":"2017-01-13T02:30:33","guid":{"rendered":"http:\/\/fmriachuelo.com.ar\/ljkjklj\/?p=3573"},"modified":"2017-01-13T02:30:33","modified_gmt":"2017-01-13T02:30:33","slug":"chubut-represion-del-estado-contra-el-pueblo-mapuche","status":"publish","type":"post","link":"http:\/\/fmriachuelo.it10.com.ar\/index.php\/2017\/01\/13\/chubut-represion-del-estado-contra-el-pueblo-mapuche\/","title":{"rendered":"CHUBUT: REPRESI\u00d3N DEL ESTADO CONTRA EL PUEBLO MAPUCHE"},"content":{"rendered":"<p style=\"text-align: justify\">[Fm Riachuelo 12\/01\/17] Un amplio arco de organizaciones y movimientos se manifestaron en solidaridad con el pueblo Mapuche de<strong> Lof Cuchamen<\/strong> y repudiaron de manera un\u00e1nime la represi\u00f3n sobre el pueblo mapuche, \u00a0que realiz\u00f3 el estado provincial que dirige el gobernador Das Neves, en defensa de los intereses corporativos y que pretende ceder los territorios de pertenencia hist\u00f3rica a la comunidad. El hecho sucedi\u00f3 un d\u00eda despu\u00e9s de la multitudinaria movilizaci\u00f3n y acampe en El Bolson en defensa de la tierra y el agua, de la misma regi\u00f3n, que tambi\u00e9n pretenden entregarse para negociados que afectar\u00e1n la vida de la regi\u00f3n.<\/p>\n<p style=\"text-align: justify\">Conversamos con Mariel, periodista de <strong><span style=\"color: #000000\">Al Margen<\/span><\/strong> que nos cont\u00f3 con detalle la situaci\u00f3n vivida y la lucha hist\u00f3rica por la preservaci\u00f3n del territorio de la comunidad. Al mismo tiempo relat\u00f3 la violenta represi\u00f3n, el averiguaci\u00f3n del paradero de muchos de estos integrantes de la comunidad que fueron secuestrados por las fuerzas de seguridad del estado. Escuchalo a continuaci\u00f3n:<\/p>\n<p style=\"text-align: justify\">Las m\u00e1s distintas voces se alzaron para condenar enf\u00e1ticamente el hecho, que atent\u00f3 contra la vida de hombres, mujeres, j\u00f3venes y ni\u00f1os que viven de manera pac\u00edfica y que defienden sus territorios ancestrales contra la apropiaci\u00f3n indebida para favorecer intereses econ\u00f3micos que buscan quedarse con esas tierras.<\/p>\n<h3 class=\"post-title entry-title\">COMUNICADO P\u00daBLICO DESDE FURILOFCHE WARIA &#8211; PUELMAPU<\/h3>\n<div class=\"post-header\">\n<div class=\"western\" lang=\"es-ES\">[Mocase 12\/01\/17] Comunidades mapuche, organizaciones sociales, ciudadanas y ciudadanos que defendemos la vida y los derechos humanos, nos convocamos para repudiar enf\u00e1ticamente la represi\u00f3n contra las Lof en Resistencia de Cushamen de Chubut. Desde el pasado martes 10 de enero, las familias que integran la comunidad vienen siendo hostigadas, golpeadas y apresadas en un operativo represivo sin precedentes en la regi\u00f3n.<\/div>\n<div><\/div>\n<div class=\"western\" lang=\"es-ES\">Bajo la orden judicial del juez federal Guido Otranto, un aparato de 200 integrantes del cuerpo de Gendarmer\u00eda Nacional, dependientes del Ministerio de Seguridad de la Naci\u00f3n que dirige Patricia Bullrich, ingres\u00f3 al territorio de las Lof en Resistencia de Cushamen. En el operativo, golpe\u00f3 y detuvo a tres integrantes de la comunidad que a\u00fan se encuentran encarcelados en la Unidad 14 de Esquel. Los gendarmes tambi\u00e9n destruyeron la vivienda principal de la comunidad, hostigaron a mujeres y ni\u00f1os y los mantuvieron cercados por varias horas.<\/div>\n<div><\/div>\n<div class=\"western\" lang=\"es-ES\">El aparente prop\u00f3sito era quitar unos troncos de las v\u00edas de \u201cLa Trochita\u201d. Sin embargo, sabemos que el objetivo del gobierno nacional es rematar los recursos y las tierras de la Patagonia. Lewis y Benetton son muestras del poder que ejercen las multinacionales sobre las decisiones de un gobierno que est\u00e1 decidido a renunciar a la soberan\u00eda sobre el territorio y entregar la vida como trofeo a las multinacionales.<\/div>\n<p><a name=\"more\"><\/a><\/p>\n<div><\/div>\n<div class=\"western\" lang=\"es-ES\">El potente grito que emergi\u00f3 en El Bols\u00f3n repudiando el loteo en la Reserva Natural Cumbreras de Mall\u00edn Ahogado a favor de la empresa Laderas S.A., testaferra de Joe Lewis, fue castigada con un operativo descomunal de las fuerzas federales desplegada contra las familias del Lof de Cushamen. Ambas experiencias de resistencia en defensa de la vida y el territorio son vistas como un peligro para los negocios inmobiliarios y extractivos de los amigos de Macri.<\/div>\n<div><\/div>\n<div class=\"western\" lang=\"es-ES\">Por eso es que Mario Das Neves se olvida de ser opositor al gobierno nacional y junto al poder judicial mal representado por los jueces Otranto y Colabelli trabajan en l\u00ednea para reprimir al Pueblo Mapuche. El racismo que expresan en sus pol\u00edticas de gobierno y en sus acciones judiciales infringe el mandato popular de meros \u201crepresentantes\u201d del pueblo o de \u201cresponsables de la aplicaci\u00f3n de las leyes\u201d. Abiertamente incitan a crear un escenario que justifique la represi\u00f3n a las comunidades mapuche y a todo el que se oponga a sus pol\u00edticas.<\/div>\n<div><\/div>\n<div class=\"western\" lang=\"es-ES\">Das Neves incumpli\u00f3 con el mandato de la MESA DE DIALOGO por parte del CORFO y se neg\u00f3 sistem\u00e1ticamente a atender las demandas de las comunidades involucradas. Direcciona pol\u00edticas y realiza declaraciones p\u00fablicas para generar la imagen de un enemigo interno dentro del estado chubutense que justifique la represi\u00f3n y la muerte.<\/div>\n<div><\/div>\n<div class=\"western\" lang=\"es-ES\">En ese marco, se entiende por qu\u00e9 Otranto orden\u00f3 militarizar una zona rural con 200 gendarmes para retirar unos troncos de una v\u00eda de un tren que los pobladores no pueden usar y que es utilizado para el turismo en beneficio de unos pocos empresarios.<\/div>\n<div><\/div>\n<div class=\"western\" lang=\"es-ES\">Habilitado por ese contexto pol\u00edtico, el juez de Chubut, Jos\u00e9 Oscar Colabelli se apur\u00f3 en montar un operativo, ordenar sustraer los animales de la comunidad, disparar contra hombres y mujeres desarmadas y detener a 10 personas que se encuentran golpeadas y detenidas sin saber con claridad qu\u00e9 delito se les imputa.<\/div>\n<div><\/div>\n<div class=\"western\" lang=\"es-ES\">Bullrich colabora con la represi\u00f3n, ordenando el env\u00edo de escuadrones de Gendarmer\u00eda que ampliamente viola los principios del Ministerio de Seguridad de preservaci\u00f3n de la libertad, la vida y el patrimonio de los habitantes, sus derechos y garant\u00edas.<\/div>\n<div><\/div>\n<div class=\"western\" lang=\"es-ES\">Gobernadores, jueces y ministras nacionales con su obrar lesionan las instituciones democr\u00e1ticas, desacreditan al poder judicial y abiertamente operan a favor de intereses extranjeros.<\/div>\n<div><\/div>\n<div class=\"western\" lang=\"es-ES\">Agravando a\u00fan m\u00e1s la situaci\u00f3n y sin orden judicial alguna, el mi\u00e9rcoles 11 de enero nuevamente la comunidad es asediada. En horas de la tarde personal de Infanter\u00eda o de la GEOP de Chubut que no se identificaron, a bordo de una camioneta de la polic\u00eda de Chubut, en una solidaridad inusual entre fuerzas federales y provinciales, dispara contra las personas all\u00ed reunidas. El resultado fue dos heridos graves por las balas que se encuentran internados.<\/div>\n<div><\/div>\n<div class=\"western\" lang=\"es-ES\">Macri, Bullrich, Das Neves: \u00bfcu\u00e1ntos muertos les pidi\u00f3 Luciano Benetton?<\/div>\n<div><\/div>\n<div class=\"western\" lang=\"es-ES\">Ante este panorama nos preguntamos, \u00bfa qui\u00e9nes quiere aleccionar el gobierno de la Alianza Cambiemos con esta muestra del poder represivo del estado? \u00bfSolamente a las comunidades mapuche que defienden su derecho irrenunciable al territorio al que pertenecen? Se hace evidente que el mensaje que intenta implantar el terror en la sociedad tambi\u00e9n est\u00e1 dirigido a los ciudadanos que se niegan a entregar los derechos soberanos de la vida y de la tierra para las actuales y futuras generaciones y a las organizaciones sociales que se mantienen en pie de lucha para defender los derechos sociales para toda la sociedad argentina.<\/div>\n<div><\/div>\n<div class=\"western\" lang=\"es-ES\">Desde esta plaza de los pa\u00f1uelos, con la dignidad del pueblo trabajador y la fuerza del pueblo originario Mapuche les decimos que nos vamos a unir m\u00e1s que nunca para defender la vida, nuestro territorio y los derechos que hemos conquistado. No permitiremos que Lewis y Benetton les roben el futuro a nuestros hijos y no permitiremos que nos esclavicen nuevamente con sus pol\u00edticas neoliberales.<\/div>\n<div><\/div>\n<div class=\"western\" lang=\"es-ES\">Por todo esto EXIGIMOS:<\/div>\n<div><\/div>\n<ul>\n<li>\n<div lang=\"es-ES\">La inmediata libertad de las personas detenidas durante el proceso de militarizaci\u00f3n al territorio del Lof en Resistencia de Cushamen.<\/div>\n<\/li>\n<li>\n<div lang=\"es-ES\">La destituci\u00f3n del juez federal Oscar Colabelli, quien utilizara el proceso ordenado por Otranto para dar intervenci\u00f3n a la polic\u00eda montada de forma criminalizadora hacia la comunidad.<\/div>\n<\/li>\n<li>\n<div lang=\"es-ES\">La investigaci\u00f3n de los funcionarios que ordenaron el allanamiento por medio de \u00f3rdenes judiciales o pol\u00edticas y de quienes las ejecutaron.<\/div>\n<\/li>\n<li>\n<div lang=\"es-ES\">El cese de la militarizaci\u00f3n, hostigamiento y represi\u00f3n a Pu Lof en Resistencia de Cushamen.<\/div>\n<\/li>\n<li>\n<div lang=\"es-ES\">El inmediato pronunciamiento e intervenci\u00f3n de los organismos del estado encargados de velar por la aplicaci\u00f3n de las leyes y la protecci\u00f3n de los derechos humanos.<\/div>\n<\/li>\n<li>\n<div lang=\"es-ES\">La inmediata intervenci\u00f3n y el pedido de informes a la Ministra de Seguridad Patricia Bullrich por parte de los representantes nacionales y provinciales en las C\u00e1maras de Diputados y Senadores de la Naci\u00f3n, tanto de Chubut como de R\u00edo Negro, ante la vulneraci\u00f3n de los derechos humanos y el abuso de las fuerzas del estado en el proceso represivo contra Pu Lof en Resistencia de Cushamen.<\/div>\n<\/li>\n<li>\n<div lang=\"es-ES\">Restituci\u00f3n al Pueblo Naci\u00f3n Mapuche de las tierras que ancestralmente les pertenece.<\/div>\n<\/li>\n<li>\n<div lang=\"es-ES\">La expulsi\u00f3n de Luciano Benetton y de Joe Lewis del territorio patag\u00f3nico.<\/div>\n<\/li>\n<\/ul>\n<div><\/div>\n<div><\/div>\n<div class=\"western\" lang=\"es-ES\">Por la soberan\u00eda del territorio, los pueblos y la defensa de la vida, desde el Territorio del Nahuel Huapi decimos:<\/div>\n<div><\/div>\n<div class=\"western\" lang=\"es-ES\">\u00a1\u00a1\u00a1Newen pu pe\u00f1i ka pu lamguen del Lof en Resistencia de Cushamen!!!<\/div>\n<div><\/div>\n<div class=\"western\" lang=\"es-ES\">\u00a1\u00a1\u00a1Fuerza a los compa\u00f1eros y compa\u00f1eras de la Asamblea en Defensa del Agua y la Tierra!!!<\/div>\n<div><\/div>\n<div class=\"western\" lang=\"es-ES\">\u00a1\u00a1\u00a1La Patagonia no se vende, se defiende!!!<\/div>\n<\/div>\n<p>&nbsp;<\/p>\n","protected":false},"excerpt":{"rendered":"<p>[Fm Riachuelo 12\/01\/17] Un amplio arco de organizaciones y movimientos se manifestaron en solidaridad con el pueblo Mapuche de Lof Cuchamen y repudiaron de manera un\u00e1nime la represi\u00f3n sobre el pueblo mapuche, \u00a0que realiz\u00f3 el estado provincial que dirige el gobernador Das Neves, en defensa de los intereses corporativos y que pretende ceder los territorios [&hellip;]<\/p>\n","protected":false},"author":4,"featured_media":3574,"comment_status":"open","ping_status":"open","sticky":false,"template":"","format":"standard","meta":{"_monsterinsights_skip_tracking":false,"_monsterinsights_sitenote_active":false,"_monsterinsights_sitenote_note":"","_monsterinsights_sitenote_category":0,"jnews-multi-image_gallery":[],"jnews_single_post":[],"jnews_primary_category":[],"_joinchat":[],"footnotes":""},"categories":[76,74],"tags":[],"class_list":["post-3573","post","type-post","status-publish","format-standard","has-post-thumbnail","hentry","category-salud-comunitaria","category-san-cayetano"],"_links":{"self":[{"href":"http:\/\/fmriachuelo.it10.com.ar\/index.php\/wp-json\/wp\/v2\/posts\/3573","targetHints":{"allow":["GET"]}}],"collection":[{"href":"http:\/\/fmriachuelo.it10.com.ar\/index.php\/wp-json\/wp\/v2\/posts"}],"about":[{"href":"http:\/\/fmriachuelo.it10.com.ar\/index.php\/wp-json\/wp\/v2\/types\/post"}],"author":[{"embeddable":true,"href":"http:\/\/fmriachuelo.it10.com.ar\/index.php\/wp-json\/wp\/v2\/users\/4"}],"replies":[{"embeddable":true,"href":"http:\/\/fmriachuelo.it10.com.ar\/index.php\/wp-json\/wp\/v2\/comments?post=3573"}],"version-history":[{"count":0,"href":"http:\/\/fmriachuelo.it10.com.ar\/index.php\/wp-json\/wp\/v2\/posts\/3573\/revisions"}],"wp:featuredmedia":[{"embeddable":true,"href":"http:\/\/fmriachuelo.it10.com.ar\/index.php\/wp-json\/"}],"wp:attachment":[{"href":"http:\/\/fmriachuelo.it10.com.ar\/index.php\/wp-json\/wp\/v2\/media?parent=3573"}],"wp:term":[{"taxonomy":"category","embeddable":true,"href":"http:\/\/fmriachuelo.it10.com.ar\/index.php\/wp-json\/wp\/v2\/categories?post=3573"},{"taxonomy":"post_tag","embeddable":true,"href":"http:\/\/fmriachuelo.it10.com.ar\/index.php\/wp-json\/wp\/v2\/tags?post=3573"}],"curies":[{"name":"wp","href":"https:\/\/api.w.org\/{rel}","templated":true}]}}