{"id":357,"date":"2015-06-16T13:41:00","date_gmt":"2015-06-16T13:41:00","guid":{"rendered":"http:\/\/fmriachuelo.observatorioess.org.ar\/index.php\/2015\/06\/16\/a-60-anos-de-los-bombardeos-de-plaza-de-mayo\/"},"modified":"2025-04-01T15:51:15","modified_gmt":"2025-04-01T18:51:15","slug":"a-60-anos-de-los-bombardeos-de-plaza-de-mayo","status":"publish","type":"post","link":"http:\/\/fmriachuelo.it10.com.ar\/index.php\/2015\/06\/16\/a-60-anos-de-los-bombardeos-de-plaza-de-mayo\/","title":{"rendered":"A 60 A\u00d1OS DE LOS BOMBARDEOS DE PLAZA DE MAYO"},"content":{"rendered":"<div style=\"clear: both;text-align: left\"><span style=\"color: red;font-family: Verdana, sans-serif;font-size: large\"><strong>MEMORIA<\/strong><\/span><\/p>\n<div style=\"clear: both;text-align: center\"><span style=\"color: red;font-family: Verdana, sans-serif;font-size: large\"><strong><a href=\"http:\/\/1.bp.blogspot.com\/-DoKnHDyL7sI\/VYAnGAAuVOI\/AAAAAAAAEwk\/qhJSK4JgdpQ\/s1600\/BOMBAS.jpg\" style=\"clear: left;float: left;margin-bottom: 1em;margin-right: 1em\"><img loading=\"lazy\" decoding=\"async\" border=\"0\" height=\"213\" src=\"http:\/\/1.bp.blogspot.com\/-DoKnHDyL7sI\/VYAnGAAuVOI\/AAAAAAAAEwk\/qhJSK4JgdpQ\/s320\/BOMBAS.jpg\" width=\"320\" \/><\/a><\/strong><\/span><\/div>\n<p><span style=\"font-family: Verdana, sans-serif\"><\/p>\n<div style=\"text-align: justify\">El 16 de junio de 1955, al mediod\u00eda, 40 aviones de la Fuerza A\u00e9rea y de la Marina del Ej\u00e9rcito argentino bombardearon la Plaza de Mayo y a sus calles cercanas. Buscaban desplazar al Gobierno de Juan Per\u00f3n, que contaba con la adhesi\u00f3n popular. El objetivo que no alcanzaron era matar al General Peron, pero en esa feroz matanza  murieron m\u00e1s de 350 civiles indefensos, entre ellos, decenas de ni\u00f1os alojados en un colectivo impactado por uno de los proyectiles. As\u00ed, el antiperonismo lograba una dudosa haza\u00f1a: por primera vez en la historia de la Humanidad, un ej\u00e9rcito atacaba una ciudad indefensa del propio pa\u00eds.<\/p>\n<p>Muchos de los responsables del bombardeo participaron en las futuras dictaduras millitares que asolar\u00edan al pa\u00eds entre 1955 y 1983. Las fuerzas armadas antiperonistas contaron con el apoyo de parte de la jerarqu\u00eda eclesi\u00e1stica, de la UCR   de los partidos de izquierda y de sectores medios y altos. Muchas v\u00edctimas eran trabajadores de la CGT que se atrincheraron en el centro porte\u00f1o para defender al Gobierno.<\/p>\n<p> <a name='more'><\/a><\/p>\n<p>El ataque fue el pr\u00f3logo del golpe militar que sacar\u00eda al Gobierno constitucional en septiembre de 1955. De esta manera, los autoproclamados \u201cdefensores de la Democracia y la Rep\u00fablica\u201d desplazaban a un Gobierno que hab\u00eda obtenido en las \u00faltimas elecciones presidenciales alrededor del 60% de los sufragios.<\/p>\n<p>Ese movimiento antipopular y antiperonista se autodenomino Revoluci\u00f3n Libertadora.<\/p>\n<p>Muchos de los pilotos huyeron al Uruguay, y tras la quema de las iglesias, Per\u00f3n quiso frenar la conmoci\u00f3n. El n\u00famero de muertos se public\u00f3 \u2013parcialmente- en los dos d\u00edas subsiguientes. Luego, por sugerencia oficial, el drama fue desapareciendo de los medios. S\u00ed hubo un registro minucioso de los da\u00f1os materiales que produjeron las bombas y la metralla. Sobre todo en la Casa Rosada y edificios cercanos. La Casa Militar elabor\u00f3, semanas despu\u00e9s del intento de golpe, un minucioso informe t\u00e9cnico sobre el estado en el que hab\u00eda quedado la Casa Rosada. En el documento tambi\u00e9n se precisa cu\u00e1ntos muertos hubo entre el personal civil y militar que defend\u00eda la sede del Ejecutivo. De 85 p\u00e1ginas, el informe detalla a trav\u00e9s de un anexo basado en fotograf\u00edas, croquis y planos hechos a  mano los efectos de las r\u00e1fagas de ametralladora pesada, m\u00e1s las bombas de 50 y 100 kilos arrojadas.<\/p>\n<p>Tras el golpe de septiembre de 1955, Isaac Rojas se convirti\u00f3 en vicepresidente provisional del nuevo gobierno \u2013asumi\u00f3 Eduardo Lonardi- en paralelo a su rol de comandante en jefe de la Armada. Lo que pocos saben es que Rojas, al asumir su nueva funci\u00f3n en la Casa de Gobierno, se llev\u00f3 varios documentos muy sensibles, algunos como bot\u00edn de guerra: se apropi\u00f3 del original de las actas constitutivas del Partido Peronista y del original de las actas de conformaci\u00f3n de la Rama Femenina. Pero tambi\u00e9n del informe t\u00e9cnico que hab\u00eda preparado la Casa Militar meses antes.<\/p>\n<p>Ese material permaneci\u00f3 en su poder hasta que, tras su muerte, su familia lo don\u00f3 al Archivo General de la Armada. Este d\u00eda se har\u00e1 la inauguraci\u00f3n en el Museo del Bicentenario de una exposici\u00f3n en donde se exhiben los testimonios materiales que hab\u00edan sido robados entre otros. La presidenta inaugurar\u00e1 esta muestra llamada : 1955 Golpean la Casa<\/p>\n<p><span style=\"color: blue\">Fuente: JP Provincia de Buenos Aires, Infonews,&nbsp;Producci\u00f3n Riachuelo<\/span><\/p>\n<p><\/div>\n<p><\/span><\/div>\n","protected":false},"excerpt":{"rendered":"<p>MEMORIA El 16 de junio de 1955, al mediod\u00eda, 40 aviones de la Fuerza A\u00e9rea y de la Marina del Ej\u00e9rcito argentino bombardearon la Plaza de Mayo y a sus calles cercanas. Buscaban desplazar al Gobierno de Juan Per\u00f3n, que contaba con la adhesi\u00f3n popular. El objetivo que no alcanzaron era matar al General Peron, [&hellip;]<\/p>\n","protected":false},"author":4,"featured_media":0,"comment_status":"open","ping_status":"open","sticky":false,"template":"","format":"standard","meta":{"_monsterinsights_skip_tracking":false,"_monsterinsights_sitenote_active":false,"_monsterinsights_sitenote_note":"","_monsterinsights_sitenote_category":0,"jnews-multi-image_gallery":[],"jnews_single_post":{"format":"standard"},"jnews_primary_category":[],"_joinchat":[],"footnotes":""},"categories":[58],"tags":[119,72,89],"class_list":["post-357","post","type-post","status-publish","format-standard","hentry","category-noticiariachuelo","tag-derechos-humanos","tag-historia-de-la-lucha-de-los-pueblos","tag-violencia-institucional"],"_links":{"self":[{"href":"http:\/\/fmriachuelo.it10.com.ar\/index.php\/wp-json\/wp\/v2\/posts\/357","targetHints":{"allow":["GET"]}}],"collection":[{"href":"http:\/\/fmriachuelo.it10.com.ar\/index.php\/wp-json\/wp\/v2\/posts"}],"about":[{"href":"http:\/\/fmriachuelo.it10.com.ar\/index.php\/wp-json\/wp\/v2\/types\/post"}],"author":[{"embeddable":true,"href":"http:\/\/fmriachuelo.it10.com.ar\/index.php\/wp-json\/wp\/v2\/users\/4"}],"replies":[{"embeddable":true,"href":"http:\/\/fmriachuelo.it10.com.ar\/index.php\/wp-json\/wp\/v2\/comments?post=357"}],"version-history":[{"count":1,"href":"http:\/\/fmriachuelo.it10.com.ar\/index.php\/wp-json\/wp\/v2\/posts\/357\/revisions"}],"predecessor-version":[{"id":23576,"href":"http:\/\/fmriachuelo.it10.com.ar\/index.php\/wp-json\/wp\/v2\/posts\/357\/revisions\/23576"}],"wp:attachment":[{"href":"http:\/\/fmriachuelo.it10.com.ar\/index.php\/wp-json\/wp\/v2\/media?parent=357"}],"wp:term":[{"taxonomy":"category","embeddable":true,"href":"http:\/\/fmriachuelo.it10.com.ar\/index.php\/wp-json\/wp\/v2\/categories?post=357"},{"taxonomy":"post_tag","embeddable":true,"href":"http:\/\/fmriachuelo.it10.com.ar\/index.php\/wp-json\/wp\/v2\/tags?post=357"}],"curies":[{"name":"wp","href":"https:\/\/api.w.org\/{rel}","templated":true}]}}