{"id":3560,"date":"2017-01-10T11:05:05","date_gmt":"2017-01-10T11:05:05","guid":{"rendered":"http:\/\/fmriachuelo.com.ar\/ljkjklj\/?p=3560"},"modified":"2017-01-10T11:05:05","modified_gmt":"2017-01-10T11:05:05","slug":"caba-reprimen-a-trabajadores-de-la-economia-popular-de-la-via-publica","status":"publish","type":"post","link":"http:\/\/fmriachuelo.it10.com.ar\/index.php\/2017\/01\/10\/caba-reprimen-a-trabajadores-de-la-economia-popular-de-la-via-publica\/","title":{"rendered":"CABA: REPRIMEN A TRABAJADORES DE LA ECONOM\u00cdA POPULAR,  DE LA V\u00cdA P\u00daBLICA"},"content":{"rendered":"<p style=\"text-align: justify\">[Fm Riachuelo 10\/01\/17] Durante el d\u00eda de hoy se produjo el desalojo y represi\u00f3n de los trabajadores de la econom\u00eda popular,\u00a0de la v\u00eda p\u00fablica. El desalojo y la confiscaci\u00f3n de las herramientas de trabajo y mercader\u00edas provoc\u00f3 la indignaci\u00f3n y movilizaci\u00f3n de los trabajadores que fueron reprimidos brutalmente, \u00a0por un excesivo operativo policial. Los trabajadores se manifestaron y permanecieron en el lugar como medida de protesta, ya que les impiden llevar el sustento diario que les permite una m\u00ednima subsistencia cotidiana.<\/p>\n<p style=\"text-align: justify\"><strong><span style=\"color: #ff0000\">Fm Riachuelo<\/span><\/strong> entrevist\u00f3\u00a0a Lito Borello, de la <strong><span style=\"color: #000000\">Coordinadora Resistir y Luchar<\/span> <\/strong>que se expres\u00f3 sobre el conflicto generado por el Gobierno de la Ciudad que obstaculiza una fuente de trabajo digno, \u00a0para los sectores m\u00e1s vulnerables, al tiempo que omite cualquier tipo de sanci\u00f3n contra los empresarios productores y proveedores de las mercader\u00edas.<\/p>\n<p style=\"text-align: justify\">\n<p>&nbsp;<\/p>\n<p><strong>COMUNICADO DE LA COORDINADORA RESISTIR Y LUCHA<\/strong><\/p>\n<p>Nuevamente el macrismo demuestra en la pr\u00e1ctica y a trav\u00e9s de la brutalidad policial de que este es el Gobierno de los ricos contra los pobres. Cuando la situaci\u00f3n econ\u00f3mica aprieta diariamente el bolsillo de los m\u00e1s humildes, cuando los precios de los articulos de primera necesidad est\u00e1n por las nubes, crecen los despidos injustificados y la inflaci\u00f3n sigue en un 50%, Macri y sus secuaces del Gobierno porte\u00f1o la emprenden contra los trabajadores y trabajadoras que salen a ganarse el peso que les hace falta para comer, honesta y sacrificadamente vendiendo en la calle.<\/p>\n<p>Lo ocurrido hoy en Once y tiempo atr\u00e1s en otros barrios de la Ciudad de Buenos Aires, donde los manteros fueron golpeados por la polic\u00eda que dispar\u00f3 balas de goma al cuerpo de quienes reclamaban solamente TRABAJAR, es parte de esta escalada represiva neoliberal que hoy nos golpea a todos los argentinos y argentinas.<\/p>\n<p>Desde RESISTIR Y LUCHAR convocamos a todas las organizaciones populares y al pueblo todo a solidarizarnos con estos trabajadores de la econom\u00eda popular que hoy han sido desalojados por la prepotencia de la polic\u00eda macrista.<\/p>\n<p>Para responder a esta TIRAN\u00cdA INSTITUCIONAL que vivimos, nuestra respuesta es la ORGANIZACI\u00d3N, LA LUCHA Y LA UNIDAD.<\/p>\n<p>\u00a1ORGANIZARNOS DESDE ABAJO Y COMBATIENDO!<\/p>\n<p>Coordinadora RESISTIR Y LUCHAR<\/p>\n","protected":false},"excerpt":{"rendered":"<p>[Fm Riachuelo 10\/01\/17] Durante el d\u00eda de hoy se produjo el desalojo y represi\u00f3n de los trabajadores de la econom\u00eda popular,\u00a0de la v\u00eda p\u00fablica. El desalojo y la confiscaci\u00f3n de las herramientas de trabajo y mercader\u00edas provoc\u00f3 la indignaci\u00f3n y movilizaci\u00f3n de los trabajadores que fueron reprimidos brutalmente, \u00a0por un excesivo operativo policial. Los trabajadores [&hellip;]<\/p>\n","protected":false},"author":4,"featured_media":3561,"comment_status":"open","ping_status":"open","sticky":false,"template":"","format":"standard","meta":{"_monsterinsights_skip_tracking":false,"_monsterinsights_sitenote_active":false,"_monsterinsights_sitenote_note":"","_monsterinsights_sitenote_category":0,"jnews-multi-image_gallery":[],"jnews_single_post":[],"jnews_primary_category":[],"_joinchat":[],"footnotes":""},"categories":[78,75],"tags":[],"class_list":["post-3560","post","type-post","status-publish","format-standard","has-post-thumbnail","hentry","category-economia-popular","category-trabajo"],"_links":{"self":[{"href":"http:\/\/fmriachuelo.it10.com.ar\/index.php\/wp-json\/wp\/v2\/posts\/3560","targetHints":{"allow":["GET"]}}],"collection":[{"href":"http:\/\/fmriachuelo.it10.com.ar\/index.php\/wp-json\/wp\/v2\/posts"}],"about":[{"href":"http:\/\/fmriachuelo.it10.com.ar\/index.php\/wp-json\/wp\/v2\/types\/post"}],"author":[{"embeddable":true,"href":"http:\/\/fmriachuelo.it10.com.ar\/index.php\/wp-json\/wp\/v2\/users\/4"}],"replies":[{"embeddable":true,"href":"http:\/\/fmriachuelo.it10.com.ar\/index.php\/wp-json\/wp\/v2\/comments?post=3560"}],"version-history":[{"count":0,"href":"http:\/\/fmriachuelo.it10.com.ar\/index.php\/wp-json\/wp\/v2\/posts\/3560\/revisions"}],"wp:featuredmedia":[{"embeddable":true,"href":"http:\/\/fmriachuelo.it10.com.ar\/index.php\/wp-json\/"}],"wp:attachment":[{"href":"http:\/\/fmriachuelo.it10.com.ar\/index.php\/wp-json\/wp\/v2\/media?parent=3560"}],"wp:term":[{"taxonomy":"category","embeddable":true,"href":"http:\/\/fmriachuelo.it10.com.ar\/index.php\/wp-json\/wp\/v2\/categories?post=3560"},{"taxonomy":"post_tag","embeddable":true,"href":"http:\/\/fmriachuelo.it10.com.ar\/index.php\/wp-json\/wp\/v2\/tags?post=3560"}],"curies":[{"name":"wp","href":"https:\/\/api.w.org\/{rel}","templated":true}]}}