{"id":356,"date":"2015-06-16T21:22:00","date_gmt":"2015-06-16T21:22:00","guid":{"rendered":"http:\/\/fmriachuelo.observatorioess.org.ar\/index.php\/2015\/06\/16\/santa-fe-elecciones-en-rosario\/"},"modified":"2025-04-01T15:56:20","modified_gmt":"2025-04-01T18:56:20","slug":"santa-fe-elecciones-en-rosario","status":"publish","type":"post","link":"http:\/\/fmriachuelo.it10.com.ar\/index.php\/2015\/06\/16\/santa-fe-elecciones-en-rosario\/","title":{"rendered":"SANTA FE: ELECCIONES EN ROSARIO"},"content":{"rendered":"<p><span style=\"color: red;font-family: Verdana, sans-serif;font-size: large\"><strong>LOS MOVIMIENTOS&nbsp;SOCIALES&nbsp;PARTICIPAN EN LOS COMICIOS LOCALES<\/strong><\/span><br \/><span style=\"font-family: Verdana, sans-serif;font-size: large\"><strong>En Rosario: la sorpresa fue Ciudad Futura<\/strong><\/span><\/p>\n<div style=\"clear: both;text-align: center\"><a href=\"http:\/\/2.bp.blogspot.com\/-7nESCdxPqE0\/VYCRSWlY9HI\/AAAAAAAAExU\/6EKzDHONpXw\/s1600\/Ciudad%2Bfutura.png\" style=\"clear: left;float: left;margin-bottom: 1em;margin-right: 1em\"><img loading=\"lazy\" decoding=\"async\" border=\"0\" height=\"200\" src=\"http:\/\/2.bp.blogspot.com\/-7nESCdxPqE0\/VYCRSWlY9HI\/AAAAAAAAExU\/6EKzDHONpXw\/s200\/Ciudad%2Bfutura.png\" width=\"200\" \/><\/a><\/div>\n<div style=\"text-align: justify\"><span style=\"font-family: Verdana, sans-serif\">El Frente Ciudad Futura, conformado por el Movimiento Giros y el Movimiento 26 de Junio-Frente Popular Dar\u00edo Santill\u00e1n, se configur\u00f3 como la tercera fuerza en la ciudad santafecina de Rosario. Despu\u00e9s de la gran elecci\u00f3n, la palabra de sus protagonistas.<\/p>\n<p>Pareciera que en la arena electoral todo est\u00e1 visto, por eso las sorpresas (de resultados, de nombres, de propuestas) suelen ser escasas por estos pagos.<\/p>\n<p>Sin embargo, el domingo pasado, en el marco de las elecciones en la provincia de Santa Fe, el Frente Ciudad Futura daba \u201cel batacazo\u201d \u2013seg\u00fan lo expresaron numerosos medios de todo el pa\u00eds\u2013 cuando se acercaba a los 100 mil votos y conformaba un bloque de tres concejales para el pr\u00f3ximo mandato. As\u00ed, como tercera fuerza en la Ciudad (detr\u00e1s del Frente Progresista C\u00edvico y Social y del PRO), Juan Monteverde, Pedro \u201cPitu\u201d Salinas y Caren Tepp llegaban a las bancas.<\/p>\n<p>Si bien las elecciones primarias hab\u00edan sido buenas (con 25.100 votos, lo que en una elecci\u00f3n general se necesitaba para que ingresara un concejal), como una marca registrada que distingue la propuesta, Ciudad Futura decidi\u00f3 ir por m\u00e1s: \u201cNos propusimos el desaf\u00edo de poder tener nuestro primer bloque, pero pens\u00e1bamos que con dos concejales. Los resultados de hoy demuestran que hubo una cantidad de hombres y mujeres que luego de las primarias se sumaron a este proyecto porque entend\u00edan que Ciudad Futura no era solo una opci\u00f3n para votar el d\u00eda de las elecciones, sino que hab\u00eda un lugar y un espacio para empezar a vivir aqu\u00ed y ahora la ciudad que so\u00f1amos y ser protagonistas en la construcci\u00f3n de esa historia\u201d, contaba Caren a Marcha, con la sorpresa a\u00fan latiendo y en medio de los festejos en el bar cultural Distrito Siete.<\/span><a name='more'><\/a><span style=\"font-family: Verdana, sans-serif\"><br \/>Desandar los pasos<\/p>\n<p>El Frente Ciudad Futura nac\u00eda en marzo de 2013 de la confluencia del Movimiento Giros y el Movimiento 26 de Junio-FPDS. En aquel entonces, los referentes de ambas organizaciones y que empezaban a definirse como la dupla de candidatos, Monteverde y Salinas, nos dec\u00edan: \u201cHace falta audacia pol\u00edtica y ponerle el cuerpo a las iniciativas\u201d. Empezaban a caminar hacia las PASO 2013 con proyectos de marcada construcci\u00f3n territorial, de cara a plantear la intervenci\u00f3n electoral como una forma m\u00e1s de lucha en la militancia cotidiana.<\/p>\n<p>Aquellas PASO se ti\u00f1eron de experiencias en los barrios de Rosario: cada militante era un fiscal, cada compa\u00f1ero o compa\u00f1era se ve\u00eda empoderado por ser parte de ese lugarcito de la pol\u00edtica que parec\u00edan manejar unos pocos, los mismos de siempre.<\/p>\n<p>8500 votos se juntaron en aquella oportunidad, donde los resultados que llegaban presurosos anunciaban al menos un voto en cada mesa, y donde el cuarto voto era visto como el logro m\u00e1s superlativo. En esa misma seccional, el domingo pasado los n\u00fameros eran otros: entre 35 y 45 votos se relevaban por mesa, y la ilusi\u00f3n no paraba de crecer.<\/p>\n<p>Con las cifras en aumento y las mesas testigo expresando datos, que se reflejaban tambi\u00e9n en los medios de comunicaci\u00f3n, el Distrito Siete rebalsaba de militantes que esperaban con expectativa. La noche era fr\u00eda, pero los fueguitos estaban encendidos: la calle, como en tantas otras oportunidades, fue el lugar que eligieron para festejar. Entre bombos y canciones abajo, subieron al techo del Distrito Siete Monteverde, Salinas y Tepp para celebrar lo que ya era un hecho: el bloque se hab\u00eda conformado.<\/p>\n<p>\u201cLo m\u00e1s radical de nuestra propuesta son las cosas hechas\u201d<\/p>\n<p>Juan Monteverde fue el primero en tomar el micr\u00f3fono: \u201cLos d\u00edas que lleg\u00e1bamos cansados de militar, que nos desalojaban, que nos persegu\u00edan, so\u00f1\u00e1bamos un futuro mejor\u2026 Hoy, esos sue\u00f1os individuales se sue\u00f1an todos juntos y son m\u00e1s de 100000 rosarinos que los apoyaron. Nuestra raz\u00f3n de ser fue siempre luchar contra los imposibles, y as\u00ed no paramos de multiplicarnos\u201d, expres\u00f3. Despu\u00e9s de las palabras de Salinas y Tepp, la m\u00fasica y los abrazos siguieron hasta la madrugada.<\/p>\n<p>Sin embargo, hubo un momento para esbozar ciertos an\u00e1lisis. Siguiendo con la l\u00ednea de siempre ir por m\u00e1s, Caren explic\u00f3 a Marcha: \u201cEn un primer momento fue pasar de todos estos diez a\u00f1os de organizaci\u00f3n, de autonom\u00eda territorial y de construcci\u00f3n leg\u00edtima en los territorios a una opci\u00f3n pol\u00edtica electoral. Ahora que somos una alternativa pol\u00edtica, que somos la tercera fuerza en la ciudad de Rosario, el desaf\u00edo es convertir esa gran cantidad de voluntades en organizaci\u00f3n, en movilizaci\u00f3n, para que podamos estar dentro de cuatro a\u00f1os disputando el gobierno de la Ciudad\u201d.<\/p>\n<p>Y a esa proyecci\u00f3n se sum\u00f3 tambi\u00e9n Pitu Salinas: \u201cNuestro objetivo no era meter concejales para que hicieran una experiencia simp\u00e1tica durante cuatro a\u00f1os, que denunciaran absolutamente todo sin proponer nada, sino que entend\u00edamos que hac\u00eda falta una alternativa pol\u00edtica genuina en la ciudad de Rosario. No llegamos al Concejo para dar un debate ideol\u00f3gico, sino que vamos a proponer que se masifiquen y se transformen en pol\u00edticas p\u00fablicas las construcciones de bases que hoy ya est\u00e1n funcionando en los territorios\u201d.<\/p>\n<p>Salinas se refiere a la prefiguraci\u00f3n, a lo que cada organizaci\u00f3n que compone Ciudad Futura fue desarrollando en sus a\u00f1os previos para llegar a este momento construyendo en cada paso lo que proyectan para transformar. As\u00ed, detall\u00f3: \u201cEn nuestra campa\u00f1a fuimos el \u00fanico espacio pol\u00edtico que pudimos mostrar que ten\u00edamos algo, cuestiones concretas: gestionamos la educaci\u00f3n mejor que el socialismo y tenemos dos escuelas de gesti\u00f3n social funcionando; gestionamos mejor la cultura y tenemos el Distrito Siete funcionando; hablamos de la producci\u00f3n y tenemos el Tambo y la cooperativa \u201cTierra Nuestra\u201d funcionando; se trata el tema de la seguridad y este espacio fue el que consigui\u00f3 las primeras y contundentes condenas contra el narcotr\u00e1fico en la Ciudad de Rosario (en referencia al juicio de diciembre pasado donde fueron condenados cinco imputados con penas promedio de 30 a\u00f1os por el asesinato de los militantes del M26-FPDS Jerem\u00edas Trasante, Claudio Su\u00e1rez y Adri\u00e1n Rodr\u00edguez, conocidos como Jere, Mono y Pat\u00f3m). Lo m\u00e1s radical de nuestra propuesta son las cosas hechas\u201d.<\/p>\n<p>Caren mencion\u00f3 ante el micr\u00f3fono: \u201cFrente Ciudad Futura es lo que vemos cada d\u00eda; esto somos\u201d. Cuando fuimos testigos de aquellas primeras PASO, hace apenas algo m\u00e1s de dos a\u00f1os y hace tanto ya, mencion\u00e1bamos que hab\u00eda que seguir esa huella de barro y ver qu\u00e9 pasaba. Hoy el barro est\u00e1 llegando a las puertas de las instituciones, con la idea de construir, desde abajo y a la izquierda, otro socialismo, el del siglo XXI.<\/p>\n<p><span style=\"color: blue\">Fuente: Marcha, Producci\u00f3n Riachuelo<\/span><\/span><br \/>&nbsp;<\/div>\n","protected":false},"excerpt":{"rendered":"<p>LOS MOVIMIENTOS&nbsp;SOCIALES&nbsp;PARTICIPAN EN LOS COMICIOS LOCALESEn Rosario: la sorpresa fue Ciudad Futura El Frente Ciudad Futura, conformado por el Movimiento Giros y el Movimiento 26 de Junio-Frente Popular Dar\u00edo Santill\u00e1n, se configur\u00f3 como la tercera fuerza en la ciudad santafecina de Rosario. Despu\u00e9s de la gran elecci\u00f3n, la palabra de sus protagonistas. Pareciera que en [&hellip;]<\/p>\n","protected":false},"author":4,"featured_media":0,"comment_status":"open","ping_status":"open","sticky":false,"template":"","format":"standard","meta":{"_monsterinsights_skip_tracking":false,"_monsterinsights_sitenote_active":false,"_monsterinsights_sitenote_note":"","_monsterinsights_sitenote_category":0,"jnews-multi-image_gallery":[],"jnews_single_post":{"format":"standard"},"jnews_primary_category":[],"_joinchat":[],"footnotes":""},"categories":[58],"tags":[],"class_list":["post-356","post","type-post","status-publish","format-standard","hentry","category-noticiariachuelo"],"_links":{"self":[{"href":"http:\/\/fmriachuelo.it10.com.ar\/index.php\/wp-json\/wp\/v2\/posts\/356","targetHints":{"allow":["GET"]}}],"collection":[{"href":"http:\/\/fmriachuelo.it10.com.ar\/index.php\/wp-json\/wp\/v2\/posts"}],"about":[{"href":"http:\/\/fmriachuelo.it10.com.ar\/index.php\/wp-json\/wp\/v2\/types\/post"}],"author":[{"embeddable":true,"href":"http:\/\/fmriachuelo.it10.com.ar\/index.php\/wp-json\/wp\/v2\/users\/4"}],"replies":[{"embeddable":true,"href":"http:\/\/fmriachuelo.it10.com.ar\/index.php\/wp-json\/wp\/v2\/comments?post=356"}],"version-history":[{"count":1,"href":"http:\/\/fmriachuelo.it10.com.ar\/index.php\/wp-json\/wp\/v2\/posts\/356\/revisions"}],"predecessor-version":[{"id":23577,"href":"http:\/\/fmriachuelo.it10.com.ar\/index.php\/wp-json\/wp\/v2\/posts\/356\/revisions\/23577"}],"wp:attachment":[{"href":"http:\/\/fmriachuelo.it10.com.ar\/index.php\/wp-json\/wp\/v2\/media?parent=356"}],"wp:term":[{"taxonomy":"category","embeddable":true,"href":"http:\/\/fmriachuelo.it10.com.ar\/index.php\/wp-json\/wp\/v2\/categories?post=356"},{"taxonomy":"post_tag","embeddable":true,"href":"http:\/\/fmriachuelo.it10.com.ar\/index.php\/wp-json\/wp\/v2\/tags?post=356"}],"curies":[{"name":"wp","href":"https:\/\/api.w.org\/{rel}","templated":true}]}}