{"id":355,"date":"2015-06-16T21:39:00","date_gmt":"2015-06-16T21:39:00","guid":{"rendered":"http:\/\/fmriachuelo.observatorioess.org.ar\/index.php\/2015\/06\/16\/paraguay-a-tres-anos-de-la-masacre-de-curuguaty\/"},"modified":"2025-04-01T16:10:29","modified_gmt":"2025-04-01T19:10:29","slug":"paraguay-a-tres-anos-de-la-masacre-de-curuguaty","status":"publish","type":"post","link":"http:\/\/fmriachuelo.it10.com.ar\/index.php\/2015\/06\/16\/paraguay-a-tres-anos-de-la-masacre-de-curuguaty\/","title":{"rendered":"PARAGUAY: A TRES A\u00d1OS DE LA MASACRE DE CURUGUATY"},"content":{"rendered":"<p><span style=\"color: red;font-family: Verdana, sans-serif;font-size: large\"><strong>LA DISPUTA TERRITORIAL<\/strong><\/span><\/p>\n<div style=\"margin: 0cm 0cm 10pt\"><span style=\"font-family: Verdana, sans-serif\"><span style=\"font-size: large\"><strong>Masacre en Curuguaty: sin justicia para el campesinado<\/strong><\/span><\/span><\/div>\n<p><\/p>\n<div style=\"clear: both;text-align: center\"><a href=\"http:\/\/4.bp.blogspot.com\/-rugJ2PN9iFI\/VYCU9LuoJkI\/AAAAAAAAExg\/GYRdzaBV82c\/s1600\/Paraguar-masacre.jpg\" style=\"clear: left;float: left;margin-bottom: 1em;margin-right: 1em\"><img loading=\"lazy\" decoding=\"async\" border=\"0\" height=\"197\" src=\"http:\/\/4.bp.blogspot.com\/-rugJ2PN9iFI\/VYCU9LuoJkI\/AAAAAAAAExg\/GYRdzaBV82c\/s320\/Paraguar-masacre.jpg\" width=\"320\" \/><\/a><\/div>\n<div style=\"text-align: justify\">&nbsp;<\/div>\n<p><span style=\"font-family: Verdana, sans-serif\"><\/p>\n<div style=\"text-align: justify\"><strong>La masacre que fue la excusa para  el golpe de estado y posterior destituci\u00f3n del presidente Lugo Y para que los poderes econ\u00f3micos sigan conservando su poder.<br \/><\/strong>Este 15 de junio se cumplen tres a\u00f1os de aquel hecho lamentable ocurrido en 2012, conocido como la \u201cMasacre de Curuguaty\u201d en Marina Kue, protagonizado por todo el aparato policial, judicial y pol\u00edtico-empresarial-imperialista para desalojar a campesinos que reclamaban que se cumpla con la prometida redistribuci\u00f3n de la tierra.<\/p>\n<p>&nbsp;La Masacre de Curuguaty, que dej\u00f3 un saldo de 11 campesinos y 6 polic\u00edas muertos, se dio en un proceso que d\u00edas despu\u00e9s, el 22 de junio, culmin\u00f3 con el golpe de Estado al entonces presidente Fernando Lugo, y que le permiti\u00f3 al gran capital sojero dar un mayor impulso a la concentraci\u00f3n de la tierra y seguir condenando a todo aquel que se le enfrente.<\/p>\n<p>En ese momento hab\u00edan tensiones: el Ministro de Agricultura y Ganader\u00eda, el liberal Enzo Cardozo, permiti\u00f3 la siembra comercial de la semilla de algod\u00f3n transg\u00e9nico Bollgard BT de Monsanto; pero el funcionario Miguel Lovera, del Servicio Nacional de Calidad y Sanidad Vegetal y de Semillas (SENAVE), no la inscribi\u00f3 como cultivable por carecer de aprobaciones[1]. Esto gener\u00f3 que d\u00edas previos al 15 de junio, grandes empresarios productores organizados en la Uni\u00f3n de Gremios de la Producci\u00f3n (UGP) intenten destituir a ese funcionario, organizando un tractorazo para el 25 de junio. Hay que tener en cuenta que en Curuguaty, Monsanto y otras empresas sojeras contin\u00faan operando[2].<\/p><\/div>\n<div style=\"text-align: justify\"><a name='more'><\/a><\/p>\n<div style=\"text-align: justify\">&nbsp;<\/div>\n<div style=\"text-align: justify\">Por aquel tiempo, los campesinos ven\u00edan organiz\u00e1ndose para luchar para que les otorguen tierras, tras las promesas de una Reforma Agraria por parte del gobierno de Lugo. Y por eso ven\u00edan ocupando tierras del Estado, del Instituto Nacional de Desarrollo Rural y de la Tierra (INDERT), como son las tierras de Marina Kue en Curuguaty, y a pesar de que en forma ilegal la empresa Campos Morombi, del fallecido Blas Riquelme (empresario y dirigente stronista y del Partido Colorado), intente adjudic\u00e1rselas[3].<\/div>\n<div style=\"text-align: justify\"><span style=\"font-family: Times New Roman\"> <\/span><\/div>\n<\/div>\n<p><\/span><\/p>\n<div style=\"text-align: justify\"><span style=\"font-family: Verdana, sans-serif\">Muchas de estas tierras, los grandes empresarios agr\u00edcolas las han obtenido ilegalmente beneficiados por la dictadura de Alfredo Stroessner (1954-1989)[4].<\/p>\n<p>El 15 de junio, familias de campesinos se predispusieron a resistir una vez m\u00e1s los desalojos, pero de ninguna manera pensaron que la reacci\u00f3n de las fuerzas policiales iba a ser de desalojarlos directamente, sin tener intenci\u00f3n de entablar di\u00e1logo alguno. No se imaginaron que el operativo iba a estar encabezado por el Grupo Especial de Operaciones (GEO), que es una polic\u00eda entrenada por militares colombianos tras las negociaciones del ex presidente \u00c1lvaro Uribe con Lugo[5]. Tampoco se imaginaron que la polic\u00eda impedir\u00eda socorrer a sus heridos y muertos, tras producirse la masacre.<\/p>\n<p><strong>Las graves irregularidades de la causa<\/strong>&nbsp; <\/p>\n<p>Adem\u00e1s de cumplirse un nuevo aniversario de la masacre, en el mes de julio en Asunci\u00f3n se iniciar\u00e1 su juicio que tiene como imputados 12 campesinos que podr\u00eda recibir penas de hasta 25 a\u00f1os de c\u00e1rcel. Los cr\u00edmenes por los que se los acusa a nueve de ellos son: tentativa de homicidio (cuando hubo m\u00e1s de diez muertos en el lugar), asociaci\u00f3n criminal e invasi\u00f3n de inmueble[6]. Hay dos campesinos acusados de asociaci\u00f3n criminal e invasi\u00f3n de inmueble y el restante por frustraci\u00f3n de persecuci\u00f3n penal[7].<\/p>\n<p>La fiscal\u00eda indag\u00f3 solo por las muertes de los 6 polic\u00edas, bas\u00e1ndose en testimonios de uniformados que participaron de aquel operativo, sin indagar sobre la muerte de los campesinos, o dar aval a testimonios de campesinos o de pobladores del lugar. De manera tal que la fiscal\u00eda hipotetiz\u00f3 que el hecho fue una emboscada que le tendieron los campesinos a los polic\u00edas, a pesar de que hab\u00eda cerca de 324 agentes, contra cerca de 50 campesinos que participaron del mismo (entre ellos adultos y ni\u00f1os), y de que las im\u00e1genes de la propia polic\u00eda son claras en cuanto a que muestran que hab\u00eda dos grupos de uniformados que fueron a rodear a los campesinos. Uno de esos grupos conformado por el GEO, la polic\u00eda montada y la polic\u00eda nacional; y en el otro por la polic\u00eda regular. Agreg\u00e1ndose que la orden a la polic\u00eda de la fiscal de ese tiempo, Ninfa Aguilar, hab\u00eda sido \u201callanamiento\u201d y no \u201cdesalojo\u201d.<\/p>\n<p>La justicia tampoco hizo una investigaci\u00f3n en profundidad sobre a qui\u00e9n verdaderamente pertenecen esas tierras. Est\u00e1 constatado que las tierras ocupadas son del Estado y no de Campos Morombi, habiendo sido esto rectificado en mayo del a\u00f1o pasado, lo cual hace que de por s\u00ed el juicio deber\u00eda ser nulo[8]. A todo esto no se indag\u00f3 sobre que en los meses posteriores al hecho un sicario asesin\u00f3 al activista Vidal Vega, de la organizaci\u00f3n de familiares de v\u00edctimas de la masacre y secretario de la Comisi\u00f3n Vecinal de Naranjaty. Vega era uno de los que m\u00e1s sab\u00eda sobre la cuesti\u00f3n de las tierras en la zona [9].<\/span><\/div>\n<div style=\"text-align: justify\"><span style=\"font-family: Verdana, sans-serif\">Entre tantas irregularidades es llamativo que uno de los fiscales de la causa sea Jalil Rachid, defensor de grandes empresarios agr\u00edcolas e hijo del abogado Bader Rachid, amigo del empresario fallecido de Campos Morombi, Blas Riquelme[10]. El otro fiscal, Diosnel Gim\u00e9nez, es denunciado por favorecer con coimas, negocios de narcotraficantes en Paraguay[11].<\/p>\n<p>Como dijo el periodista Julio Benegas Vidallet: \u201cDesde el momento en que s\u00f3lo est\u00e1n imputados los campesinos por la muerte de los polic\u00edas, pero no hay ning\u00fan investigado por la muerte de los campesinos, no existe la posibilidad de hacer justicia\u201d[12].<\/p>\n<p><strong>Tras la masacre, las condiciones sociales se agravan<\/strong><\/p>\n<p>Luego de esta masacre, destituido Lugo y tras la asunci\u00f3n temporal del liberal Federico Franco, se procedi\u00f3 a habilitar la semilla transg\u00e9nica de Monsanto y dar concesiones a empresas Estadounidenses como Dahava Petr\u00f3leos. Con la asunci\u00f3n del actual presidente Horacio Cartes, el modelo extractivista se profundiz\u00f3 con leyes privatistas como la de Alianza P\u00fablico-Privada, la ley de Seguridad Interna, permitiendo usar a las Fuerzas Armadas, sin la aprobaci\u00f3n del Congreso, para militarizar m\u00e1s el pa\u00eds con el apoyo de la Asociaci\u00f3n Rural de Paraguay, adem\u00e1s de seguir cobr\u00e1ndoles impuestos a campesinos y escasamente a grandes empresarios, y fomentando relaciones con la USAID e impulsando la instalaci\u00f3n de bases militares[13].<\/p>\n<p>Hoy en d\u00eda Paraguay tiene un 92% de su tierra destinada a cultivos exportables con ma\u00edz y soja transg\u00e9nica y el 2,6% de los empresarios posee el 85% de la tierra cultivable[14].<\/p>\n<p>Adem\u00e1s, sigue habiendo corrupci\u00f3n en el Estado y el INDERT contin\u00faa otorgando tierras a grandes empresarios, en vez de a campesi<br \/>\nnos[15]. Tambi\u00e9n se sigue desalojando a campesinos, como el anunciado para el 16 de junio, donde la Organizaci\u00f3n de Lucha por la Tierra (OTL) pretenden resistir en cercan\u00edas a Curuguaty frente a otra empresa (Perfecta S.A) beneficiada por la dictadura de Stroessner, que se adue\u00f1\u00f3 ilegalmente de tierras del Estado [16].<\/p>\n<p>Es por eso que la Masacre de Curuguaty representa uno de los mayores ejemplos de las injusticias que cometen constantemente el poder pol\u00edtico, la justica y los empresarios, junto con el imperialismo sobre los campesinos, y que lamentablemente d\u00eda a d\u00eda se profundiza<\/span><\/div>\n<div style=\"text-align: justify\"><span style=\"font-family: Verdana, sans-serif\"> <br \/><span style=\"color: blue\">Fuente: Reumen Latinoamericano, Producci\u00f3n Riachuelo<\/span><br \/>&nbsp;<\/span><span style=\"font-family: Verdana, sans-serif\"><\/span><\/div>\n<p><span style=\"font-family: Verdana, sans-serif\"><br \/>&nbsp;<\/span><\/p>\n<div style=\"margin: 0cm 0cm 10pt\">&nbsp;<\/div>\n","protected":false},"excerpt":{"rendered":"<p>LA DISPUTA TERRITORIAL Masacre en Curuguaty: sin justicia para el campesinado &nbsp; La masacre que fue la excusa para el golpe de estado y posterior destituci\u00f3n del presidente Lugo Y para que los poderes econ\u00f3micos sigan conservando su poder.Este 15 de junio se cumplen tres a\u00f1os de aquel hecho lamentable ocurrido en 2012, conocido como [&hellip;]<\/p>\n","protected":false},"author":4,"featured_media":0,"comment_status":"open","ping_status":"open","sticky":false,"template":"","format":"standard","meta":{"_monsterinsights_skip_tracking":false,"_monsterinsights_sitenote_active":false,"_monsterinsights_sitenote_note":"","_monsterinsights_sitenote_category":0,"jnews-multi-image_gallery":[],"jnews_single_post":{"format":"standard"},"jnews_primary_category":[],"_joinchat":[],"footnotes":""},"categories":[58],"tags":[70,71,89],"class_list":["post-355","post","type-post","status-publish","format-standard","hentry","category-noticiariachuelo","tag-de-la-patria-grande","tag-de-la-tierra","tag-violencia-institucional"],"_links":{"self":[{"href":"http:\/\/fmriachuelo.it10.com.ar\/index.php\/wp-json\/wp\/v2\/posts\/355","targetHints":{"allow":["GET"]}}],"collection":[{"href":"http:\/\/fmriachuelo.it10.com.ar\/index.php\/wp-json\/wp\/v2\/posts"}],"about":[{"href":"http:\/\/fmriachuelo.it10.com.ar\/index.php\/wp-json\/wp\/v2\/types\/post"}],"author":[{"embeddable":true,"href":"http:\/\/fmriachuelo.it10.com.ar\/index.php\/wp-json\/wp\/v2\/users\/4"}],"replies":[{"embeddable":true,"href":"http:\/\/fmriachuelo.it10.com.ar\/index.php\/wp-json\/wp\/v2\/comments?post=355"}],"version-history":[{"count":1,"href":"http:\/\/fmriachuelo.it10.com.ar\/index.php\/wp-json\/wp\/v2\/posts\/355\/revisions"}],"predecessor-version":[{"id":23578,"href":"http:\/\/fmriachuelo.it10.com.ar\/index.php\/wp-json\/wp\/v2\/posts\/355\/revisions\/23578"}],"wp:attachment":[{"href":"http:\/\/fmriachuelo.it10.com.ar\/index.php\/wp-json\/wp\/v2\/media?parent=355"}],"wp:term":[{"taxonomy":"category","embeddable":true,"href":"http:\/\/fmriachuelo.it10.com.ar\/index.php\/wp-json\/wp\/v2\/categories?post=355"},{"taxonomy":"post_tag","embeddable":true,"href":"http:\/\/fmriachuelo.it10.com.ar\/index.php\/wp-json\/wp\/v2\/tags?post=355"}],"curies":[{"name":"wp","href":"https:\/\/api.w.org\/{rel}","templated":true}]}}