{"id":3548,"date":"2017-01-08T18:44:54","date_gmt":"2017-01-08T18:44:54","guid":{"rendered":"http:\/\/fmriachuelo.com.ar\/ljkjklj\/?p=3548"},"modified":"2017-01-08T18:44:54","modified_gmt":"2017-01-08T18:44:54","slug":"mexico-2017-el-malestar-mexicano-y-las-revueltas-populares","status":"publish","type":"post","link":"http:\/\/fmriachuelo.it10.com.ar\/index.php\/2017\/01\/08\/mexico-2017-el-malestar-mexicano-y-las-revueltas-populares\/","title":{"rendered":"MEXICO 2017: EL MALESTAR MEXICANO Y LAS REVUELTAS POPULARES"},"content":{"rendered":"<p style=\"text-align: justify\">[Desinform\u00e9monos, 08\/01\/17]\u00a0<span class=\"s1\">Vivimos tiempos hist\u00f3ricos. Los actos recientes de los que somos testigos son muestra de una crisis profunda del modelo econ\u00f3mico de vida social que se nos ha impuesto a los mexicanos ya durante m\u00e1s de 30 a\u00f1os. De lo que suceda en estas semanas se abrir\u00e1 una ventana de esperanza o la imposici\u00f3n de m\u00e1s medidas que privatizan la vida (agua, biodiversidad, etc.) y que generan beneficios solo para el uno por ciento de la poblaci\u00f3n, en un entorno de libertades restringidas y voto popular controlado.<\/span><\/p>\n<p class=\"p1\" style=\"text-align: justify\"><span class=\"s1\">Lo cierto es que el malestar mexicano recorre los estados del Norte del pa\u00eds, se profundiza en el Centro y desliza su irrupci\u00f3n hacia el siempre combativo Sur. Los actores son heterog\u00e9neos desde campesinos endeudados e inundados de transg\u00e9nicos en el Norte que se rebelan con fuerza, hasta j\u00f3venes a los cuales el neoliberalismo cerr\u00f3 el futuro que solo ven en el saqueo a las cadenas privadas corruptas acumuladoras de grandes ganancias (Elektra, Soriana, etc.) un espacio de \u201cvenganza\u201d social.<\/span><\/p>\n<p class=\"p1\" style=\"text-align: justify\"><span class=\"s1\">Lo cierto es que la dimensi\u00f3n del asunto impresiona. Si fue provocado desde el gobierno pues claramente se sali\u00f3 de las manos. \u00a0<\/span><span class=\"s1\">En muchas partes del pa\u00eds los enfrentamientos con la polic\u00eda han ocasionado levantamiento populares, como es el caso de Ixmiquilpan, Hidalgo, donde miles de personas hicieron retroceder a la polic\u00eda, situaci\u00f3n similar vivi\u00f3 la costa de Chiapas y se presenta ya en lugares como Jalisco y Michoac\u00e1n. Y en algo totalmente inaudito la toma de los palacios de gobierno en los estados de Nuevo Le\u00f3n y en Aguascalientes. Los cierres fronterizos con Estados Unidos y con Guatemala y la interrupci\u00f3n de salidas de autobuses hacia el Norte del pa\u00eds.<\/span><\/p>\n<p class=\"p1\" style=\"text-align: justify\"><span class=\"s1\">Se reportan adem\u00e1s el saqueo de m\u00e1s de 370 tiendas departamentales -de diferentes cadenas comerciales del gran capital- y la afectaci\u00f3n a m\u00e1s de 900 peque\u00f1os negocios a lo largo del pa\u00eds, ya casi la cifra detenidos alcanza el millar de personas y se reportan ya 4 muertos por las protestas contra el gasolinazo.<\/span><\/p>\n<p class=\"p1\" style=\"text-align: justify\"><span class=\"s1\">Textos saldr\u00e1n en adelante a analizar las revueltas urbanas en el siglo XXI del M\u00e9xico neoliberal. \u00a0\u00bfPorqu\u00e9 en unos estados fueron m\u00e1s fuertes y en otros no? \u00a0\u00bfQu\u00e9 papel jugaron los diferentes actores tanto sociales como pol\u00edticos en estos hechos que estamos viviendo? \u00bfCu\u00e1l es el papel del gobierno de los Estados Unidos ante esta situaci\u00f3n? \u00a0\u00bfQue tan divididas se encuentran las \u00e9lites que gobiernan actualmente M\u00e9xico? \u00a0\u00bfQu\u00e9 papel jugaron diferentes movimientos de \u201cizquierda\u201d como MORENA, el EZLN-CNI, etc.? \u00bfqu\u00e9 tantos logros o retrocesos se tuvieron? \u00a0son algunos de los cuestionamientos que se buscar\u00e1n contestar.<\/span><\/p>\n<p class=\"p1\" style=\"text-align: justify\"><span class=\"s1\">Mientras tanto, \u00a0quiero recordar que las rebeliones en los mundos agrarios fueron posibles en diferentes momentos cuando las medidas de los poderosos afectaban fundamentalmente la vida campesina y agraria, as\u00ed fue la guerra de Independencia, la guerra de Reforma, \u00a0la Revoluci\u00f3n Mexicana y el levantamiento zapatista de 1994.<\/span><\/p>\n<p class=\"p1\" style=\"text-align: justify\"><span class=\"s1\">Barrington Moore en su libro <em>Sobre los Or\u00edgenes Sociales de la Dictadura y la Democracia,<\/em> se\u00f1ala claramente que los campesinos tend\u00edan m\u00e1s a levantarse en el viejo continente, conforme la expansi\u00f3n del capitalismo comercial iba minando los arraigados modos de vida agraria, esta fue la constante sobre la que giraron los grandes procesos socio-hist\u00f3ricos instituyentes del M\u00e9xico actual.<\/span><\/p>\n<p class=\"p1\" style=\"text-align: justify\"><span class=\"s1\">John Tutino por su parte, explica los procesos de insurrecci\u00f3n y violencia a trav\u00e9s de cuatro variables que ayudan a explicar los cambios sociales complejos. La primera, son las condiciones materiales de vida. Las otras tres son m\u00e1s cualitativas, la autonom\u00eda, la seguridad y la movilidad.<\/span><\/p>\n<p class=\"p1\" style=\"text-align: justify\"><span class=\"s1\">Estas cuatro variables pueden ayudarnos a explicar lo que sucede en M\u00e9xico en estos momentos. Sobre las condiciones de vida en este pa\u00eds se constata que han ca\u00eddo enormemente en los \u00faltimos 30 a\u00f1os, m\u00e1s de la mitad de la poblaci\u00f3n se encuentra en la pobreza y a ello se suma un nivel de despojo salarial sin precedentes.<\/span><\/p>\n<p class=\"p1\" style=\"text-align: justify\"><span class=\"s1\">Tambi\u00e9n la autonom\u00eda entendida como la capacidad de la gente para producir lo que necesita se ha visto disminuida de manera creciente por las amplias importaciones de alimentos que se han introducido a M\u00e9xico con el Tratado de Libre Comercio de Am\u00e9rica del Norte y el dominio agro-alimentario oligop\u00f3lico por cadenas comerciales \u00a0tipo Walmart, \u00a0Soriana y dem\u00e1s, que cada vez mandan m\u00e1s a la quiebra a campesinos, productores agr\u00edcolas y a sectores urbanos que enfrentan sus pol\u00edticas de precios.<\/span><\/p>\n<p class=\"p1\" style=\"text-align: justify\"><span class=\"s1\">La seguridad, por su parte, es confiar en alcanzar la subsistencia a lo largo de un tiempo, eso se ha visto fuertemente reducido en M\u00e9xico, ya que no s\u00f3lo nuestro pa\u00eds posee unos de los salarios m\u00e1s bajos de Am\u00e9rica Latina (el salario m\u00ednimo en M\u00e9xico ya es mucho menor que el de Guatemala, Nicaragua, Panam\u00e1, Costa Rica, entre otros) lo cual no permite a la gente adquirir la canasta b\u00e1sica alimentaria, como bien documenta el Centro de An\u00e1lisis Multidisciplinario de la Facultad de Econom\u00eda de la UNAM.<\/span><\/p>\n<p class=\"p1\" style=\"text-align: justify\"><span class=\"s1\">En cuanto a la movilidad que es escoger entre diferentes opciones para obtener la subsistencia, la llegada de Donald Trump al gobierno de los Estados Unidos \u2013con el impulso de Videgaray y de EPN- cierra una de las alternativas m\u00e1s importantes para los mexicanos para reproducirse materialmente. A ello se suman los crecientes feminicidios, la inseguridad, el despojo territorial con proyectos mineros, agro-hidro-energ\u00e9ticos y las zonas econ\u00f3micas especiales como punta de lanza de la clase capitalista trasnacional.<\/span><\/p>\n<p class=\"p1\" style=\"text-align: justify\"><span class=\"s1\">En s\u00edntesis, M\u00e9xico vive una crisis excepcional, donde como bien plantea C\u00e9sar Enrique Pineda, veremos si la revuelta se convierte en rebeli\u00f3n en este pa\u00eds. Mientras tanto, hay un empeoramiento enorme de la calidad de vida de los mexicanos con una p\u00e9rdida de derechos sociales y econ\u00f3micos fundamentales, a los que se suma la p\u00e9rdida de autonom\u00eda para abastecerse y no hay algo que lo compense. \u00a0Otros factores son ya la nula seguridad en el futuro y lo complicado de la movilidad. \u00a0Estamos prontos a un nuevo proceso instituyente en el pa\u00eds. Una digna rabia que esperemos se organice y construya un M\u00e9xico realmente para todos y todas.<\/span><\/p>\n","protected":false},"excerpt":{"rendered":"<p>[Desinform\u00e9monos, 08\/01\/17]\u00a0Vivimos tiempos hist\u00f3ricos. Los actos recientes de los que somos testigos son muestra de una crisis profunda del modelo econ\u00f3mico de vida social que se nos ha impuesto a los mexicanos ya durante m\u00e1s de 30 a\u00f1os. De lo que suceda en estas semanas se abrir\u00e1 una ventana de esperanza o la imposici\u00f3n de [&hellip;]<\/p>\n","protected":false},"author":4,"featured_media":3549,"comment_status":"open","ping_status":"open","sticky":false,"template":"","format":"standard","meta":{"_monsterinsights_skip_tracking":false,"_monsterinsights_sitenote_active":false,"_monsterinsights_sitenote_note":"","_monsterinsights_sitenote_category":0,"jnews-multi-image_gallery":[],"jnews_single_post":[],"jnews_primary_category":[],"_joinchat":[],"footnotes":""},"categories":[79],"tags":[],"class_list":["post-3548","post","type-post","status-publish","format-standard","has-post-thumbnail","hentry","category-nadie-se-salva-solo"],"_links":{"self":[{"href":"http:\/\/fmriachuelo.it10.com.ar\/index.php\/wp-json\/wp\/v2\/posts\/3548","targetHints":{"allow":["GET"]}}],"collection":[{"href":"http:\/\/fmriachuelo.it10.com.ar\/index.php\/wp-json\/wp\/v2\/posts"}],"about":[{"href":"http:\/\/fmriachuelo.it10.com.ar\/index.php\/wp-json\/wp\/v2\/types\/post"}],"author":[{"embeddable":true,"href":"http:\/\/fmriachuelo.it10.com.ar\/index.php\/wp-json\/wp\/v2\/users\/4"}],"replies":[{"embeddable":true,"href":"http:\/\/fmriachuelo.it10.com.ar\/index.php\/wp-json\/wp\/v2\/comments?post=3548"}],"version-history":[{"count":0,"href":"http:\/\/fmriachuelo.it10.com.ar\/index.php\/wp-json\/wp\/v2\/posts\/3548\/revisions"}],"wp:featuredmedia":[{"embeddable":true,"href":"http:\/\/fmriachuelo.it10.com.ar\/index.php\/wp-json\/"}],"wp:attachment":[{"href":"http:\/\/fmriachuelo.it10.com.ar\/index.php\/wp-json\/wp\/v2\/media?parent=3548"}],"wp:term":[{"taxonomy":"category","embeddable":true,"href":"http:\/\/fmriachuelo.it10.com.ar\/index.php\/wp-json\/wp\/v2\/categories?post=3548"},{"taxonomy":"post_tag","embeddable":true,"href":"http:\/\/fmriachuelo.it10.com.ar\/index.php\/wp-json\/wp\/v2\/tags?post=3548"}],"curies":[{"name":"wp","href":"https:\/\/api.w.org\/{rel}","templated":true}]}}