{"id":3541,"date":"2017-01-06T21:06:09","date_gmt":"2017-01-06T21:06:09","guid":{"rendered":"http:\/\/fmriachuelo.com.ar\/ljkjklj\/?p=3541"},"modified":"2017-01-06T21:06:09","modified_gmt":"2017-01-06T21:06:09","slug":"conferencia-de-prensa-por-el-ataque-a-medio-comunitario-si-nos-tocan-a-uno-nos-tocan-a-todos","status":"publish","type":"post","link":"http:\/\/fmriachuelo.it10.com.ar\/index.php\/2017\/01\/06\/conferencia-de-prensa-por-el-ataque-a-medio-comunitario-si-nos-tocan-a-uno-nos-tocan-a-todos\/","title":{"rendered":"CONFERENCIA DE PRENSA POR EL ATAQUE A RESUMEN LATINOAMERICANO, \u00abSI NOS TOCAN A UNO NOS TOCAN A TODOS\u00bb"},"content":{"rendered":"<p style=\"text-align: justify\">[Fm Riachuelo 06\/01\/17] En el mediod\u00eda de hoy se realiz\u00f3 una conferencia de prensa en el Hotel Bauen, para denunciar y repudiar los hechos sufridos por el medio Resumen Latinoamericano, como parte de una ofensiva que se viene repitiendo contra los distintos medios que est\u00e1n contando la realidad, como el caso de los medios: \u00a0Anfibia y Cosecha Roja. \u00a0La actividad cont\u00f3 con la presencia de representantes y personalidades del mundo de las comunicaciones: nacionales y extranjeros, distintas expresiones de la defensa de los\u00a0derechos humanos, asociaciones\u00a0gremiales, organizaciones sociales, territoriales y pol\u00edticas, medios comunitarios, \u00a0otras asociaciones y personas comprometidas, \u00a0que desbordaron ampliamente el sal\u00f3n donde se llev\u00f3 adelante. Tambi\u00e9n llegaron adhesiones internacionales desde distintas latitudes: de la Patria Grande, de Europa y Medio Oriente. \u00a0Todas las voces coincidieron en destacar el hecho de la unidad frente a la ofensiva de allanamiento y saqueo que se vienen repitiendo, \u00a0para limitar la posibilidad de expresi\u00f3n y difusi\u00f3n\u00a0y al mismo tiempo destacaron la conformaci\u00f3n de un frente de comunicadores que se reunir\u00e1 en los proximos d\u00edas para acordar estrategias comunes que permitir\u00e1n proteger la posibilidad de comunicar y multiplicar nuestras voces, \u00a0y a la vez ser\u00e1 una herramiento de defensa del conjunto. Al mismo tiempo se llevaran adelante acciones de denuncia local, entrevista con el Ministro del Interior, y denuncias internacionales, \u00a0que permitan darle protecci\u00f3n a la actividad de comunicaci\u00f3n en nuestro pa\u00eds. Tambi\u00e9n estuvieron presentes representantes de la corriente gremial de la CTEP: Mesa 19 y 20 y de la Coordinadora Resistir y Luchar, que fueron parte de la convocatoria a la conferencia de prensa.<\/p>\n<p style=\"text-align: justify\">Representantes de la Coordinadora de Resistir y Luchar y de la Mesa Gremial 19 y 20 de la CTEP fueron parte de los convocantes a la conferencia de prensa. Algunas de sus expresiones coincidieron en calificar\u00a0la gravedad del hecho y la grave amenaza que constituye para los trabajadores de la econom\u00eda popular y las organizaciones, en su conjunto, estos atentados a medios que son los \u00fanicos que se encargan de hacer visible su realidad. Adem\u00e1s coincidieron en resaltar la unidad del conjunto de los trabajadores. Escuch\u00e1 a continuaci\u00f3n algunos testimonios de estas expresiones:<\/p>\n<p style=\"text-align: justify\">Un n\u00famero superior a las 100 personas se convocaron para acompa\u00f1ar la conferencia de prensa convocada para darle difusi\u00f3n y denunciar el allanamiento clandestino y saqueo del multimedio Resumen Latinoamericano. La actividad se inici\u00f3 con un panel conformado por Carlos Aznares, director de Resumen Latinoamericano, Stella Calloni (periodista), \u00a0Fernando Buen Abad (periodista y sociologo), Tato Dondero (Sipreba) y Mart\u00edn Garc\u00eda (Acapi). Con una multitudinaria presencia de una amplio arco de representantes de diversas y diferentes expresiones del campo de la comunicaci\u00f3n, asociaciones gremiales del sector formal y de la CTEP, asociaciones de derechos humanos, organizaciones sociales, agrupaciones pol\u00edticas y otras expresiones que desbordaron las instalaciones. Al mismo tiempo se sumaron multiples y diversas denuncias internacionales del continente y de otras latitudes que se solidarizaron, al tiempo que reconocen la importante labor de un medio que dignifica la profesi\u00f3n y \u00a0que tiene una larga trayectoria para visibilizar la vulneraci\u00f3n de derechos con corresponsales en todo el mundo, que relatan los hechos.<\/p>\n<p style=\"text-align: justify\"><img loading=\"lazy\" decoding=\"async\" class=\"size-large wp-image-3543 aligncenter\" src=\"http:\/\/fmriachuelo.com.ar\/ljkjklj\/wp-content\/uploads\/2017\/01\/WhatsApp-Image-2017-01-06-at-11.30.02-1024x576.jpeg\" alt=\"whatsapp-image-2017-01-06-at-11-30-02\" width=\"640\" height=\"360\" \/><\/p>\n<p style=\"text-align: justify\">Los panelistas coincidieron en destacar la nutrida y diversa convocatoria, como expresi\u00f3n de\u00a0la unidad. \u00a0Adem\u00e1s destacaron que lo ocurrido\u00a0intenta censurar la posibilidad de comunicar y representa una ofensiva para silenciar la imposici\u00f3n de\u00a0un modelo econ\u00f3mico. \u00a0 La inmediata y solidaria respuesta del conjunto, muestra que la unidad es un hecho y por lo tanto se convoc\u00f3 a una proxima reuni\u00f3n del Frente de Comunicadores que re\u00fane a las m\u00e1s diversas expresiones del campo de la comunicaci\u00f3n, con sus diferencias, para ampliar las posibilidades de comunicaci\u00f3n y defensa colectiva frente a la embestida de los poderes econ\u00f3micos representados en la conducci\u00f3n del estado nacional.<\/p>\n<p style=\"text-align: justify\"><img loading=\"lazy\" decoding=\"async\" class=\"size-large wp-image-3544 aligncenter\" src=\"http:\/\/fmriachuelo.com.ar\/ljkjklj\/wp-content\/uploads\/2017\/01\/WhatsApp-Image-2017-01-06-at-14.51.07-1024x768.jpeg\" alt=\"whatsapp-image-2017-01-06-at-14-51-07\" width=\"640\" height=\"480\" \/><\/p>\n","protected":false},"excerpt":{"rendered":"<p>[Fm Riachuelo 06\/01\/17] En el mediod\u00eda de hoy se realiz\u00f3 una conferencia de prensa en el Hotel Bauen, para denunciar y repudiar los hechos sufridos por el medio Resumen Latinoamericano, como parte de una ofensiva que se viene repitiendo contra los distintos medios que est\u00e1n contando la realidad, como el caso de los medios: \u00a0Anfibia [&hellip;]<\/p>\n","protected":false},"author":4,"featured_media":3542,"comment_status":"open","ping_status":"open","sticky":false,"template":"","format":"standard","meta":{"_monsterinsights_skip_tracking":false,"_monsterinsights_sitenote_active":false,"_monsterinsights_sitenote_note":"","_monsterinsights_sitenote_category":0,"jnews-multi-image_gallery":[],"jnews_single_post":[],"jnews_primary_category":[],"_joinchat":[],"footnotes":""},"categories":[78,76,77],"tags":[],"class_list":["post-3541","post","type-post","status-publish","format-standard","has-post-thumbnail","hentry","category-economia-popular","category-salud-comunitaria","category-soberania"],"_links":{"self":[{"href":"http:\/\/fmriachuelo.it10.com.ar\/index.php\/wp-json\/wp\/v2\/posts\/3541","targetHints":{"allow":["GET"]}}],"collection":[{"href":"http:\/\/fmriachuelo.it10.com.ar\/index.php\/wp-json\/wp\/v2\/posts"}],"about":[{"href":"http:\/\/fmriachuelo.it10.com.ar\/index.php\/wp-json\/wp\/v2\/types\/post"}],"author":[{"embeddable":true,"href":"http:\/\/fmriachuelo.it10.com.ar\/index.php\/wp-json\/wp\/v2\/users\/4"}],"replies":[{"embeddable":true,"href":"http:\/\/fmriachuelo.it10.com.ar\/index.php\/wp-json\/wp\/v2\/comments?post=3541"}],"version-history":[{"count":0,"href":"http:\/\/fmriachuelo.it10.com.ar\/index.php\/wp-json\/wp\/v2\/posts\/3541\/revisions"}],"wp:featuredmedia":[{"embeddable":true,"href":"http:\/\/fmriachuelo.it10.com.ar\/index.php\/wp-json\/"}],"wp:attachment":[{"href":"http:\/\/fmriachuelo.it10.com.ar\/index.php\/wp-json\/wp\/v2\/media?parent=3541"}],"wp:term":[{"taxonomy":"category","embeddable":true,"href":"http:\/\/fmriachuelo.it10.com.ar\/index.php\/wp-json\/wp\/v2\/categories?post=3541"},{"taxonomy":"post_tag","embeddable":true,"href":"http:\/\/fmriachuelo.it10.com.ar\/index.php\/wp-json\/wp\/v2\/tags?post=3541"}],"curies":[{"name":"wp","href":"https:\/\/api.w.org\/{rel}","templated":true}]}}