{"id":354,"date":"2015-06-16T21:53:00","date_gmt":"2015-06-16T21:53:00","guid":{"rendered":"http:\/\/fmriachuelo.observatorioess.org.ar\/index.php\/2015\/06\/16\/ecuador-intentos-de-desestabilizar-al-gobierno-de-rafael-correa\/"},"modified":"2025-04-01T16:11:40","modified_gmt":"2025-04-01T19:11:40","slug":"ecuador-intentos-de-desestabilizar-al-gobierno-de-rafael-correa","status":"publish","type":"post","link":"http:\/\/fmriachuelo.it10.com.ar\/index.php\/2015\/06\/16\/ecuador-intentos-de-desestabilizar-al-gobierno-de-rafael-correa\/","title":{"rendered":"ECUADOR: INTENTOS DE DESESTABILIZAR AL GOBIERNO DE RAFAEL CORREA"},"content":{"rendered":"<p><span style=\"color: red;font-family: Verdana, sans-serif;font-size: large\"><strong>RECHAZO POPULAR<\/strong><\/span><br \/><span style=\"font-family: Verdana, sans-serif;font-size: large\"><strong>Ecuador dice NO a campa\u00f1a desestabilizadora de \u201cDomingo Negro\u201d<\/strong><\/span><br \/><span style=\"font-family: Verdana, sans-serif;font-size: large\"><\/p>\n<div style=\"clear: both;text-align: center\"><strong style=\"clear: left;float: left;margin-bottom: 1em;margin-right: 1em\"><img loading=\"lazy\" decoding=\"async\" border=\"0\" height=\"179\" src=\"http:\/\/3.bp.blogspot.com\/-2PxMk1cLWS8\/VYCaL0xDzII\/AAAAAAAAExw\/IARGb4gnMC0\/s320\/Ecuador-marcha-Correa.jpg\" width=\"320\" \/><\/strong><\/div>\n<p><\/span><span style=\"font-family: Verdana, sans-serif\">El presidente Rafael Correa regres\u00f3 este lunes a Ecuador, despu\u00e9s de una gira por Europa a prop\u00f3sito de la II Cumbre CELAC-UE. Paralelo a esto, la derecha impuls\u00f3 una serie de manifestaciones en ese pa\u00eds suramericano contra el Gobierno de la Revoluci\u00f3n Ciudadana.&nbsp; <\/p>\n<p>La principal excusa de la derecha para asediar por una semana a la sede del partido gobernante Alianza Pa\u00eds fue la promulgaci\u00f3n de la Ley de Redistribuci\u00f3n de la Riqueza, que establece un impuesto de 2,5 por ciento para herencias entre 35 mil 400 a 70 mil 800 d\u00f3lares y que aumenten progresivamente. Esto se aplicar\u00eda solo al 2 por ciento de la poblaci\u00f3n de Ecuador.<\/p>\n<p>En respuesta a la manifestaci\u00f3n de la derecha ecuatoriana para protestrar contra el gobierno en el llamado Domingo Negro, miles de ecuatorianos respaldaron a Rafael Correa en Quito. <\/p>\n<p>Una multitudinaria concentraci\u00f3n frente al Palacio Carondelet en Quito, Ecuador,  para mostrar apoyo popular a la Revoluci\u00f3n Ciudadana, a la Ley de Herencia y a todas las pol\u00edticas de inclusi\u00f3n que lidera el presidente Rafael Correa.<\/p>\n<p>En v\u00edsperas de la visita del Papa Francisco y para conservar un clima de paz el mandatario   anunci\u00f3 el retiro temporal de la Ley de Redistribuci\u00f3n de la Riqueza y plusval\u00edas, que ser\u00e1 tratada m\u00e1s adelante.<\/p>\n<p><span style=\"color: blue\">Fuente: Telesur, Resumen Latinoamericano, Producci\u00f3n Riachuelo<br \/><\/span>&nbsp;<\/span><\/p>\n","protected":false},"excerpt":{"rendered":"<p>RECHAZO POPULAREcuador dice NO a campa\u00f1a desestabilizadora de \u201cDomingo Negro\u201d El presidente Rafael Correa regres\u00f3 este lunes a Ecuador, despu\u00e9s de una gira por Europa a prop\u00f3sito de la II Cumbre CELAC-UE. Paralelo a esto, la derecha impuls\u00f3 una serie de manifestaciones en ese pa\u00eds suramericano contra el Gobierno de la Revoluci\u00f3n Ciudadana.&nbsp; La principal [&hellip;]<\/p>\n","protected":false},"author":4,"featured_media":0,"comment_status":"open","ping_status":"open","sticky":false,"template":"","format":"standard","meta":{"_monsterinsights_skip_tracking":false,"_monsterinsights_sitenote_active":false,"_monsterinsights_sitenote_note":"","_monsterinsights_sitenote_category":0,"jnews-multi-image_gallery":[],"jnews_single_post":{"format":"standard"},"jnews_primary_category":[],"_joinchat":[],"footnotes":""},"categories":[58],"tags":[70],"class_list":["post-354","post","type-post","status-publish","format-standard","hentry","category-noticiariachuelo","tag-de-la-patria-grande"],"_links":{"self":[{"href":"http:\/\/fmriachuelo.it10.com.ar\/index.php\/wp-json\/wp\/v2\/posts\/354","targetHints":{"allow":["GET"]}}],"collection":[{"href":"http:\/\/fmriachuelo.it10.com.ar\/index.php\/wp-json\/wp\/v2\/posts"}],"about":[{"href":"http:\/\/fmriachuelo.it10.com.ar\/index.php\/wp-json\/wp\/v2\/types\/post"}],"author":[{"embeddable":true,"href":"http:\/\/fmriachuelo.it10.com.ar\/index.php\/wp-json\/wp\/v2\/users\/4"}],"replies":[{"embeddable":true,"href":"http:\/\/fmriachuelo.it10.com.ar\/index.php\/wp-json\/wp\/v2\/comments?post=354"}],"version-history":[{"count":1,"href":"http:\/\/fmriachuelo.it10.com.ar\/index.php\/wp-json\/wp\/v2\/posts\/354\/revisions"}],"predecessor-version":[{"id":23579,"href":"http:\/\/fmriachuelo.it10.com.ar\/index.php\/wp-json\/wp\/v2\/posts\/354\/revisions\/23579"}],"wp:attachment":[{"href":"http:\/\/fmriachuelo.it10.com.ar\/index.php\/wp-json\/wp\/v2\/media?parent=354"}],"wp:term":[{"taxonomy":"category","embeddable":true,"href":"http:\/\/fmriachuelo.it10.com.ar\/index.php\/wp-json\/wp\/v2\/categories?post=354"},{"taxonomy":"post_tag","embeddable":true,"href":"http:\/\/fmriachuelo.it10.com.ar\/index.php\/wp-json\/wp\/v2\/tags?post=354"}],"curies":[{"name":"wp","href":"https:\/\/api.w.org\/{rel}","templated":true}]}}