{"id":3535,"date":"2017-01-05T14:00:26","date_gmt":"2017-01-05T14:00:26","guid":{"rendered":"http:\/\/fmriachuelo.com.ar\/ljkjklj\/?p=3535"},"modified":"2017-01-05T14:00:26","modified_gmt":"2017-01-05T14:00:26","slug":"caba-desalojan-a-mas-de-60-familias-del-ex-padelai","status":"publish","type":"post","link":"http:\/\/fmriachuelo.it10.com.ar\/index.php\/2017\/01\/05\/caba-desalojan-a-mas-de-60-familias-del-ex-padelai\/","title":{"rendered":"CABA: DESALOJAN A M\u00c1S DE 60 FAMILIAS DEL EX PADELAI"},"content":{"rendered":"<p style=\"text-align: justify\">[Fm Riachuelo 05\/01\/17] En la ma\u00f1ana de ayer, comenzaron a desalojar a las 62 familias que habitaban\u00a0en el ex Padelai, en cumplimiento de una orden de desalojo de la jueza Mar\u00eda Lorena Tula del Moral, del Fuero Penal, Convencional y de Faltas de CABA. Con un desmedido operativo policial que comenz\u00f3 a vallar la zona desde la noche anterior, se efectiviz\u00f3 el desalojo a partir de las 4 de la ma\u00f1ana. La orden se efectiviz\u00f3 impidiendo el acceso a\u00a0medios de prensa y comunicadores que pudieran, \u00a0con su presencia, \u00a0garantizar que no se cometan excesos.\u00a0Con un subsidio, que no garantiza el acceso a las m\u00ednimas condiciones de vivienda, \u00a0por dos meses, \u00a0el gobierno intenta paliar la dificil situaci\u00f3n de las familias que han quedado en la calle.<\/p>\n<p>Escucha a Tito Vargas de la Cooperativa de Vivienda San Telmo, que gestionan el predio:<\/p>\n<p style=\"text-align: justify\">Un predio ubicado en el coraz\u00f3n de San Telmo, con una valuaci\u00f3n inmobiliaria incalculable, fue desalojado. El ex Padelai estaba siendo gestionado\u00a0la cooperativa de vivienda San Telmo. Un cr\u00e9dito hipotecario estaba en tr\u00e1mite para acceder a los fondos necesarios que permitan autogestionar el habitat digno para las familias. Mientras tanto, el GCBA se apur\u00f3 a tramitar una orden de desalojo que la jueza de manera controvertida concede, si bien a\u00fan se dirime la titularidad del\u00a0predio.<\/p>\n<p style=\"text-align: justify\">Con un vallado de cuatro cuadras a la redonda, y una excesiva presencia policial, se realiz\u00f3 el \u00a004 de Enero el desalojo del ex PADELAI. \u00a0Los vecinos no se resistieron al ingreso del personal del Ministerio de Desarrollo Humano que desde primeras horas comenz\u00f3 a retirar sus cosas, \u00a0despu\u00e9s de que se conociera la orden de desalojo de la jueza Mar\u00eda Lorena Tula del Moral, del Fuero Penal, Contravencional y de Faltas porte\u00f1o. Los medios de prensa y comunicaci\u00f3n popular fueron restringidos\u00a0de todo acceso al lugar, y los mantuvieron alejados, lo que impidi\u00f3 que con su presencia pudieran registrar y acompa\u00f1ar el desalojo que se realiz\u00f3 sin resistencia por parte de los habitantes del lugar.<br \/>\nLa magistrada no cedi\u00f3 al pedido de prorroga de la medida por un plazo de cinco d\u00edas y orden\u00f3 quea las 20 el edificio estuviera completamente desalojado.<br \/>\n\u00abLa situaci\u00f3n es de una profunda incertidumbre para las familias. El Gobierno porte\u00f1o avanz\u00f3 sobre el edificio y est\u00e1 retirando las cosas cumpliendo con el desalojo. Se est\u00e1 avanzando de manera pac\u00edfica pero en un marco donde la Ciudad no est\u00e1 garantizando algunas cuestiones concretas que reclaman las familias, como que se les asegure una vivienda digna\u00bb<\/p>\n","protected":false},"excerpt":{"rendered":"<p>[Fm Riachuelo 05\/01\/17] En la ma\u00f1ana de ayer, comenzaron a desalojar a las 62 familias que habitaban\u00a0en el ex Padelai, en cumplimiento de una orden de desalojo de la jueza Mar\u00eda Lorena Tula del Moral, del Fuero Penal, Convencional y de Faltas de CABA. Con un desmedido operativo policial que comenz\u00f3 a vallar la zona [&hellip;]<\/p>\n","protected":false},"author":4,"featured_media":3536,"comment_status":"open","ping_status":"open","sticky":false,"template":"","format":"standard","meta":{"_monsterinsights_skip_tracking":false,"_monsterinsights_sitenote_active":false,"_monsterinsights_sitenote_note":"","_monsterinsights_sitenote_category":0,"jnews-multi-image_gallery":[],"jnews_single_post":[],"jnews_primary_category":[],"_joinchat":[],"footnotes":""},"categories":[78,74],"tags":[],"class_list":["post-3535","post","type-post","status-publish","format-standard","has-post-thumbnail","hentry","category-economia-popular","category-san-cayetano"],"_links":{"self":[{"href":"http:\/\/fmriachuelo.it10.com.ar\/index.php\/wp-json\/wp\/v2\/posts\/3535","targetHints":{"allow":["GET"]}}],"collection":[{"href":"http:\/\/fmriachuelo.it10.com.ar\/index.php\/wp-json\/wp\/v2\/posts"}],"about":[{"href":"http:\/\/fmriachuelo.it10.com.ar\/index.php\/wp-json\/wp\/v2\/types\/post"}],"author":[{"embeddable":true,"href":"http:\/\/fmriachuelo.it10.com.ar\/index.php\/wp-json\/wp\/v2\/users\/4"}],"replies":[{"embeddable":true,"href":"http:\/\/fmriachuelo.it10.com.ar\/index.php\/wp-json\/wp\/v2\/comments?post=3535"}],"version-history":[{"count":0,"href":"http:\/\/fmriachuelo.it10.com.ar\/index.php\/wp-json\/wp\/v2\/posts\/3535\/revisions"}],"wp:featuredmedia":[{"embeddable":true,"href":"http:\/\/fmriachuelo.it10.com.ar\/index.php\/wp-json\/"}],"wp:attachment":[{"href":"http:\/\/fmriachuelo.it10.com.ar\/index.php\/wp-json\/wp\/v2\/media?parent=3535"}],"wp:term":[{"taxonomy":"category","embeddable":true,"href":"http:\/\/fmriachuelo.it10.com.ar\/index.php\/wp-json\/wp\/v2\/categories?post=3535"},{"taxonomy":"post_tag","embeddable":true,"href":"http:\/\/fmriachuelo.it10.com.ar\/index.php\/wp-json\/wp\/v2\/tags?post=3535"}],"curies":[{"name":"wp","href":"https:\/\/api.w.org\/{rel}","templated":true}]}}