{"id":3532,"date":"2017-01-04T13:58:20","date_gmt":"2017-01-04T13:58:20","guid":{"rendered":"http:\/\/fmriachuelo.com.ar\/ljkjklj\/?p=3532"},"modified":"2017-01-04T13:58:20","modified_gmt":"2017-01-04T13:58:20","slug":"abrazo-al-ministerio-de-educacion-de-la-nacion","status":"publish","type":"post","link":"http:\/\/fmriachuelo.it10.com.ar\/index.php\/2017\/01\/04\/abrazo-al-ministerio-de-educacion-de-la-nacion\/","title":{"rendered":"ABRAZO AL MINISTERIO DE EDUCACI\u00d3N DE LA NACI\u00d3N"},"content":{"rendered":"<p style=\"text-align: justify\">[Fm Riachuelo 04\/01\/17] Trabajadores, estudiantes, organizaciones sociales y p\u00fablico realizaron un Abrazo al Ministerio de Educaci\u00f3n de la Naci\u00f3n, en respuesta a la situaci\u00f3n que provoc\u00f3 en las \u00faltimas horas del a\u00f1o 2016, el despido de miles de trabajadores. La medida significar\u00e1 en la pr\u00e1ctica una disminuci\u00f3n concreta en la calidad educativa, como una pol\u00edtica de estado y que parece estar en consonancia con la disminuci\u00f3n del presupuesto educativo para el a\u00f1o 2017, que fue aprobado en el Congreso Nacional.<\/p>\n<p style=\"text-align: justify\">Escuch\u00e1 la entrevisa a\u00a0Marcos Dominguez, Delegado de ATE, en el Ministerio de Educaci\u00f3n:<\/p>\n<p style=\"text-align: justify\">En el transcurso de esta ma\u00f1ana, los trabajadores y las trabajadoras de la educaci\u00f3n, junto a organizaciones sociales, gremiales docentes, familias y estudiantes, realizaron un abrazo simb\u00f3lico a la sede del Ministerio de Educaci\u00f3n de la Naci\u00f3n, \u00a0que encabeza Esteban Bullrich, y que est\u00e1 ubicada en Pizzurno 935, para reclamar la reincorporaci\u00f3n de los miles de trabajadores despedidos.<br \/>\nLa acci\u00f3n se enmarca en una medida de fuerza: paro de 24 horas, \u00a0convocado por la Asociaci\u00f3n de Trabajadores del Estado y el gremio docente.<br \/>\nEl Palacio Pizzurno amaneci\u00f3 vallado y con gran presencia policial dentro del edificio. En el exterior carros de asalto rodearon las calles y hubo una gran presencia de agentes de civil, de acuerdo a los presentes.<br \/>\nDurante la tarde en Rompe el Cerco Informativo conversamos con Marcos Dominguez, Delegado de ATE, en el Ministerio de Educaci\u00f3n, que nos precisaba cual es la situaci\u00f3n actual y los pasos a seguir.<\/p>\n","protected":false},"excerpt":{"rendered":"<p>[Fm Riachuelo 04\/01\/17] Trabajadores, estudiantes, organizaciones sociales y p\u00fablico realizaron un Abrazo al Ministerio de Educaci\u00f3n de la Naci\u00f3n, en respuesta a la situaci\u00f3n que provoc\u00f3 en las \u00faltimas horas del a\u00f1o 2016, el despido de miles de trabajadores. La medida significar\u00e1 en la pr\u00e1ctica una disminuci\u00f3n concreta en la calidad educativa, como una pol\u00edtica [&hellip;]<\/p>\n","protected":false},"author":4,"featured_media":3533,"comment_status":"open","ping_status":"open","sticky":false,"template":"","format":"standard","meta":{"_monsterinsights_skip_tracking":false,"_monsterinsights_sitenote_active":false,"_monsterinsights_sitenote_note":"","_monsterinsights_sitenote_category":0,"jnews-multi-image_gallery":[],"jnews_single_post":[],"jnews_primary_category":[],"_joinchat":[],"footnotes":""},"categories":[78,77],"tags":[],"class_list":["post-3532","post","type-post","status-publish","format-standard","has-post-thumbnail","hentry","category-economia-popular","category-soberania"],"_links":{"self":[{"href":"http:\/\/fmriachuelo.it10.com.ar\/index.php\/wp-json\/wp\/v2\/posts\/3532","targetHints":{"allow":["GET"]}}],"collection":[{"href":"http:\/\/fmriachuelo.it10.com.ar\/index.php\/wp-json\/wp\/v2\/posts"}],"about":[{"href":"http:\/\/fmriachuelo.it10.com.ar\/index.php\/wp-json\/wp\/v2\/types\/post"}],"author":[{"embeddable":true,"href":"http:\/\/fmriachuelo.it10.com.ar\/index.php\/wp-json\/wp\/v2\/users\/4"}],"replies":[{"embeddable":true,"href":"http:\/\/fmriachuelo.it10.com.ar\/index.php\/wp-json\/wp\/v2\/comments?post=3532"}],"version-history":[{"count":0,"href":"http:\/\/fmriachuelo.it10.com.ar\/index.php\/wp-json\/wp\/v2\/posts\/3532\/revisions"}],"wp:featuredmedia":[{"embeddable":true,"href":"http:\/\/fmriachuelo.it10.com.ar\/index.php\/wp-json\/"}],"wp:attachment":[{"href":"http:\/\/fmriachuelo.it10.com.ar\/index.php\/wp-json\/wp\/v2\/media?parent=3532"}],"wp:term":[{"taxonomy":"category","embeddable":true,"href":"http:\/\/fmriachuelo.it10.com.ar\/index.php\/wp-json\/wp\/v2\/categories?post=3532"},{"taxonomy":"post_tag","embeddable":true,"href":"http:\/\/fmriachuelo.it10.com.ar\/index.php\/wp-json\/wp\/v2\/tags?post=3532"}],"curies":[{"name":"wp","href":"https:\/\/api.w.org\/{rel}","templated":true}]}}