{"id":3528,"date":"2017-01-04T13:45:01","date_gmt":"2017-01-04T13:45:01","guid":{"rendered":"http:\/\/fmriachuelo.com.ar\/ljkjklj\/?p=3528"},"modified":"2017-01-04T13:45:01","modified_gmt":"2017-01-04T13:45:01","slug":"resumen-lationamericano-un-golpe-disciplinador-para-los-comunicadores","status":"publish","type":"post","link":"http:\/\/fmriachuelo.it10.com.ar\/index.php\/2017\/01\/04\/resumen-lationamericano-un-golpe-disciplinador-para-los-comunicadores\/","title":{"rendered":"RESUMEN LATIONAMERICANO, UN GOLPE DISCIPLINADOR PARA LOS COMUNICADORES"},"content":{"rendered":"<p style=\"text-align: justify\">[Fm Riachuelo 04\/01\/17] El director de <strong>Resumen Latinoamericano<\/strong> convers\u00f3 con <span style=\"color: #ff0000\"><strong>Fm Riachuelo<\/strong><\/span> y ampli\u00f3 la denuncia sobre el robo que constituye un hecho disciplinador y aleccionador para la comunicaci\u00f3n y el periodismo independiente. La sustracci\u00f3n de todos los archivos virtuales as\u00ed lo indica. Al mismo tiempo Aznares destac\u00f3 la gran repercusi\u00f3n y solidaridad que gener\u00f3 el hecho, \u00a0y que muestra el camino de la unidad que cotidianamente se pone en pr\u00e1ctica.<\/p>\n<p style=\"text-align: justify\">Escuch\u00e1 a continuaci\u00f3n la entrevista:<\/p>\n<p style=\"text-align: justify\">Ampliaci\u00f3n de la denuncia de Resumen Latinoamericano: No fue robo, sino allanamiento y apropiaci\u00f3n para disciplinar<\/p>\n<p style=\"text-align: justify\">A lo que ya hab\u00edamos comunicado en la ma\u00f1ana de este martes sobre el extra\u00f1o \u201crobo\u201d en nuestra redacci\u00f3n de todos nuestros equipos de video y sonido ocurrido en la noche del 31 de diciembre o madrugada del 1 de enero, donde recalc\u00e1bamos que nos parec\u00eda poco com\u00fan que el hecho se hubiera producido de manera muy pulcra, sin que el o los autores hubieran revuelto o alterado la fisonom\u00eda del lugar, ahora todo se encamina a hacernos pensar que se trat\u00f3 de un virtual allanamiento para apoderarse de nuestros equipos y tambi\u00e9n de informaci\u00f3n.<\/p>\n<p style=\"text-align: justify\">Esta tarde, nos hemos dado cuenta que a todas las c\u00e1maras y equipos faltantes, tambi\u00e9n se apoderaron de todos nuestros discos externos de las computadoras, donde guard\u00e1bamos informaci\u00f3n que utilizamos para nuestro peri\u00f3dico y el resultado de diez a\u00f1os de archivo de los documentales que hemos realizado y los programas de TV. A esto se suma, que los \u201cvisitantes\u201d se llevaron varias tarjetas de memoria de las c\u00e1mara de video y fotograf\u00eda, con material producido en los \u00faltimos meses.<\/p>\n<p style=\"text-align: justify\">Todo esto lo hemos denunciado hoy tambi\u00e9n ante la Polic\u00eda, para que conste de qu\u00e9 se trata este singular \u201coperativo\u201d.<\/p>\n<p style=\"text-align: justify\">Cada vez hoz queda m\u00e1s claro que esta incursi\u00f3n buscaba algo m\u00e1s que \u00abrobar c\u00e1maras para venderlas\u00bb, sino que est\u00e1 m\u00e1s bien dirigida a intentar quitarnos del medio por nuestra tarea period\u00edstica. Adem\u00e1s, como en otros casos similares ocurridos a colegas compa\u00f1eros\/as lo que se busca es disciplinar y dar miedo, para que otros u otras \u00abpongan sus barbas en remojo\u201d y no \u201cmolesten\u201d con sus trabajos, art\u00edculos, v\u00eddeos, audios, de contrainformaci\u00f3n.<\/p>\n<p style=\"text-align: justify\">Frente a esta escalada, no queda otra que redoblar nuestros esfuerzos en la defensa de un periodismo sin censura y sin auto-censura, desafiar a estos avances represivos con la unidad de los que no queremos que solo prive un solo discurso, el del poder y los poderosos.<\/p>\n<p style=\"text-align: justify\">Nos comprometemos desde Resumen Latinoamericano a seguir informando, denunciando, y recogiendo la voz de los que no tienen voz.<\/p>\n<p style=\"text-align: justify\">Carlos Azn\u00e1rez<\/p>\n<p style=\"text-align: justify\">Director de Resumen Latinoamericano<\/p>\n","protected":false},"excerpt":{"rendered":"<p>[Fm Riachuelo 04\/01\/17] El director de Resumen Latinoamericano convers\u00f3 con Fm Riachuelo y ampli\u00f3 la denuncia sobre el robo que constituye un hecho disciplinador y aleccionador para la comunicaci\u00f3n y el periodismo independiente. La sustracci\u00f3n de todos los archivos virtuales as\u00ed lo indica. Al mismo tiempo Aznares destac\u00f3 la gran repercusi\u00f3n y solidaridad que gener\u00f3 [&hellip;]<\/p>\n","protected":false},"author":4,"featured_media":3530,"comment_status":"open","ping_status":"open","sticky":false,"template":"","format":"standard","meta":{"_monsterinsights_skip_tracking":false,"_monsterinsights_sitenote_active":false,"_monsterinsights_sitenote_note":"","_monsterinsights_sitenote_category":0,"jnews-multi-image_gallery":[],"jnews_single_post":[],"jnews_primary_category":[],"_joinchat":[],"footnotes":""},"categories":[78,77],"tags":[],"class_list":["post-3528","post","type-post","status-publish","format-standard","has-post-thumbnail","hentry","category-economia-popular","category-soberania"],"_links":{"self":[{"href":"http:\/\/fmriachuelo.it10.com.ar\/index.php\/wp-json\/wp\/v2\/posts\/3528","targetHints":{"allow":["GET"]}}],"collection":[{"href":"http:\/\/fmriachuelo.it10.com.ar\/index.php\/wp-json\/wp\/v2\/posts"}],"about":[{"href":"http:\/\/fmriachuelo.it10.com.ar\/index.php\/wp-json\/wp\/v2\/types\/post"}],"author":[{"embeddable":true,"href":"http:\/\/fmriachuelo.it10.com.ar\/index.php\/wp-json\/wp\/v2\/users\/4"}],"replies":[{"embeddable":true,"href":"http:\/\/fmriachuelo.it10.com.ar\/index.php\/wp-json\/wp\/v2\/comments?post=3528"}],"version-history":[{"count":0,"href":"http:\/\/fmriachuelo.it10.com.ar\/index.php\/wp-json\/wp\/v2\/posts\/3528\/revisions"}],"wp:featuredmedia":[{"embeddable":true,"href":"http:\/\/fmriachuelo.it10.com.ar\/index.php\/wp-json\/"}],"wp:attachment":[{"href":"http:\/\/fmriachuelo.it10.com.ar\/index.php\/wp-json\/wp\/v2\/media?parent=3528"}],"wp:term":[{"taxonomy":"category","embeddable":true,"href":"http:\/\/fmriachuelo.it10.com.ar\/index.php\/wp-json\/wp\/v2\/categories?post=3528"},{"taxonomy":"post_tag","embeddable":true,"href":"http:\/\/fmriachuelo.it10.com.ar\/index.php\/wp-json\/wp\/v2\/tags?post=3528"}],"curies":[{"name":"wp","href":"https:\/\/api.w.org\/{rel}","templated":true}]}}