{"id":3519,"date":"2017-01-03T18:14:21","date_gmt":"2017-01-03T18:14:21","guid":{"rendered":"http:\/\/fmriachuelo.com.ar\/ljkjklj\/?p=3519"},"modified":"2017-01-03T18:14:21","modified_gmt":"2017-01-03T18:14:21","slug":"robo-y-saqueo-contra-resumen-latinoamericano","status":"publish","type":"post","link":"http:\/\/fmriachuelo.it10.com.ar\/index.php\/2017\/01\/03\/robo-y-saqueo-contra-resumen-latinoamericano\/","title":{"rendered":"ROBO Y SAQUEO CONTRA RESUMEN LATINOAMERICANO"},"content":{"rendered":"<p>[Fm Riachuelo 03\/01\/17]\u00a0Desde <strong><span style=\"color: #ff0000\">Fm Riachuelo<\/span><\/strong> expresamos nuestra solidaridad y acompa\u00f1amos a Resumen, un medio que dignifica la tarea de la comunicaci\u00f3n y que constituye un emblema para todos los que intenamos hacer escuchar las voces silenciadas y otras realidades ignoradas.<\/p>\n<p>Reproducimos comunicado:<\/p>\n<p>Duro golpe a la tarea contrainformativa de Resumen Latinoamericano:<\/p>\n<p>Entraron a nuestra redacci\u00f3n y se llevaron todo el equipo de video, sonido y fotograf\u00eda<\/p>\n<p>Comunicamos a nuestros lectores, televidentes y radioescuchas, que en la noche del 31 de diciembre, fuimos objeto de un robo o \u00absaqueo direccional\u00bb ya que entraron a nuestra redacci\u00f3n y nos sustrajeron el equipo completo de video (dos c\u00e1maras de filmaci\u00f3n y fotograf\u00eda -Lumix GH1 y Lumix GH2) con sus respectivos objetivos, con el que habitualmente hacemos el programa televisivo, varios micr\u00f3fonos (entre ellos dos inhal\u00e1mbricos y dos corbateros), un grabador de sonido que utilizamos para el programa de TV y de radio, varios cables de conexi\u00f3n de sonido, auriculares, y dos c\u00e1mara fotogr\u00e1ficas, una Nikon anal\u00f3gica y una Cannon B60.<\/p>\n<p>Adem\u00e1s, robaron un proyector de video, con el que habitualmente realiz\u00e1bamos video conferencias del ciclo de C\u00e1tedras Bolivarianas.<br \/>\nParad\u00f3gicamene, quienes realizaron toda esta operaci\u00f3n de saqueo no rompieron ni revolvieron nada, sino que fueron directamente a apropiarse de los equipos, y obviamente, por la hora y el d\u00eda en que realizaron el robo, se movieron como el pez en el agua.<\/p>\n<p>Todos y todas los que nos conocen y siguen en nuestra actividad (este 2017 cumplimos 24 a\u00f1os de trabajo contrainformativo ininterrumpido en prensa gr\u00e1fica, TV, radio) saben que nos han dado un golpe dur\u00edsimo pero tambi\u00e9n podr\u00e1n adivinar que no vamos a retroceder. Buscaremos reequiparnos como podamos, pero RESUMEN LATINOAMERICANO no dejar\u00e1 de informar en estos tiempos dif\u00edciles y de discurso \u00fanico.<br \/>\nInspirados en la tarea de Rodolfo Walsh y en su lucha por acercar la verdad que no les gusta a los poderosos, haremos honor a su legado.<br \/>\nCarlos Azn\u00e1rez<\/p>\n<p>Director de Resumen Latinoamericano<\/p>\n<p>Pd: Pedimos encarecidamente que aquellos o aquellas que est\u00e9n dispuestos a colaborar para que pronto podamos estar nuevamente en carrera a nivel audiovisual se comuniquen con nosotros por esta v\u00eda.<\/p>\n","protected":false},"excerpt":{"rendered":"<p>[Fm Riachuelo 03\/01\/17]\u00a0Desde Fm Riachuelo expresamos nuestra solidaridad y acompa\u00f1amos a Resumen, un medio que dignifica la tarea de la comunicaci\u00f3n y que constituye un emblema para todos los que intenamos hacer escuchar las voces silenciadas y otras realidades ignoradas. Reproducimos comunicado: Duro golpe a la tarea contrainformativa de Resumen Latinoamericano: Entraron a nuestra redacci\u00f3n [&hellip;]<\/p>\n","protected":false},"author":4,"featured_media":3520,"comment_status":"open","ping_status":"open","sticky":false,"template":"","format":"standard","meta":{"_monsterinsights_skip_tracking":false,"_monsterinsights_sitenote_active":false,"_monsterinsights_sitenote_note":"","_monsterinsights_sitenote_category":0,"jnews-multi-image_gallery":[],"jnews_single_post":[],"jnews_primary_category":[],"_joinchat":[],"footnotes":""},"categories":[78,77],"tags":[],"class_list":["post-3519","post","type-post","status-publish","format-standard","has-post-thumbnail","hentry","category-economia-popular","category-soberania"],"_links":{"self":[{"href":"http:\/\/fmriachuelo.it10.com.ar\/index.php\/wp-json\/wp\/v2\/posts\/3519","targetHints":{"allow":["GET"]}}],"collection":[{"href":"http:\/\/fmriachuelo.it10.com.ar\/index.php\/wp-json\/wp\/v2\/posts"}],"about":[{"href":"http:\/\/fmriachuelo.it10.com.ar\/index.php\/wp-json\/wp\/v2\/types\/post"}],"author":[{"embeddable":true,"href":"http:\/\/fmriachuelo.it10.com.ar\/index.php\/wp-json\/wp\/v2\/users\/4"}],"replies":[{"embeddable":true,"href":"http:\/\/fmriachuelo.it10.com.ar\/index.php\/wp-json\/wp\/v2\/comments?post=3519"}],"version-history":[{"count":0,"href":"http:\/\/fmriachuelo.it10.com.ar\/index.php\/wp-json\/wp\/v2\/posts\/3519\/revisions"}],"wp:featuredmedia":[{"embeddable":true,"href":"http:\/\/fmriachuelo.it10.com.ar\/index.php\/wp-json\/"}],"wp:attachment":[{"href":"http:\/\/fmriachuelo.it10.com.ar\/index.php\/wp-json\/wp\/v2\/media?parent=3519"}],"wp:term":[{"taxonomy":"category","embeddable":true,"href":"http:\/\/fmriachuelo.it10.com.ar\/index.php\/wp-json\/wp\/v2\/categories?post=3519"},{"taxonomy":"post_tag","embeddable":true,"href":"http:\/\/fmriachuelo.it10.com.ar\/index.php\/wp-json\/wp\/v2\/tags?post=3519"}],"curies":[{"name":"wp","href":"https:\/\/api.w.org\/{rel}","templated":true}]}}