{"id":3516,"date":"2017-01-02T14:48:40","date_gmt":"2017-01-02T14:48:40","guid":{"rendered":"http:\/\/fmriachuelo.com.ar\/ljkjklj\/?p=3516"},"modified":"2017-01-02T14:48:40","modified_gmt":"2017-01-02T14:48:40","slug":"buenos-aires-salto-bajo-el-agua","status":"publish","type":"post","link":"http:\/\/fmriachuelo.it10.com.ar\/index.php\/2017\/01\/02\/buenos-aires-salto-bajo-el-agua\/","title":{"rendered":"BUENOS AIRES, SALTO BAJO EL AGUA"},"content":{"rendered":"<p style=\"text-align: justify\">[Fm Riachuelo 02\/01\/17] La localidad de Salto, Prov. de Buenos Aires, se halla bajo agua, como parte de las localidades\u00a0del noroeste bonaerense que sufrieron las inundaciones como consecuencia del temporal y la falta de obras de infraestructura.\u00a0Los habitantes de la localidad recibieron el a\u00f1o bajo agua, perdiendo todas sus pertenencias, \u00a0una situaci\u00f3n ha sido invisibilizada en las noticias.<\/p>\n<p style=\"text-align: justify\"><strong><span style=\"color: #ff0000\">Fm Riachuelo<\/span><\/strong> convers\u00f3 con Vanesa, una vecina de la localidad, que nos contaba la situaci\u00f3n. Escucha aqu\u00ed su testimonio.<\/p>\n<p>La localidad de Salto, Pcia. de Bs. As., se encuentra nuevamente bajo el agua. El a\u00f1o 2015 sufri\u00f3 una gran inundaci\u00f3n que fue visibilizada por los grandes medios. A partir del 2016 con el cambio de Intendente no se realizaron las obras que impedir\u00edan una nueva inundaci\u00f3n, que se produjo\u00a0nuevamente. Esta vez los medios hegem\u00f3nicos invisibilizan la situaci\u00f3n y el padecimiento de los vecinos que en el transcurso de un a\u00f1o volvieron a perderlo todo.<\/p>\n","protected":false},"excerpt":{"rendered":"<p>[Fm Riachuelo 02\/01\/17] La localidad de Salto, Prov. de Buenos Aires, se halla bajo agua, como parte de las localidades\u00a0del noroeste bonaerense que sufrieron las inundaciones como consecuencia del temporal y la falta de obras de infraestructura.\u00a0Los habitantes de la localidad recibieron el a\u00f1o bajo agua, perdiendo todas sus pertenencias, \u00a0una situaci\u00f3n ha sido invisibilizada [&hellip;]<\/p>\n","protected":false},"author":4,"featured_media":3517,"comment_status":"open","ping_status":"open","sticky":false,"template":"","format":"standard","meta":{"_monsterinsights_skip_tracking":false,"_monsterinsights_sitenote_active":false,"_monsterinsights_sitenote_note":"","_monsterinsights_sitenote_category":0,"jnews-multi-image_gallery":[],"jnews_single_post":[],"jnews_primary_category":[],"_joinchat":[],"footnotes":""},"categories":[74],"tags":[],"class_list":["post-3516","post","type-post","status-publish","format-standard","has-post-thumbnail","hentry","category-san-cayetano"],"_links":{"self":[{"href":"http:\/\/fmriachuelo.it10.com.ar\/index.php\/wp-json\/wp\/v2\/posts\/3516","targetHints":{"allow":["GET"]}}],"collection":[{"href":"http:\/\/fmriachuelo.it10.com.ar\/index.php\/wp-json\/wp\/v2\/posts"}],"about":[{"href":"http:\/\/fmriachuelo.it10.com.ar\/index.php\/wp-json\/wp\/v2\/types\/post"}],"author":[{"embeddable":true,"href":"http:\/\/fmriachuelo.it10.com.ar\/index.php\/wp-json\/wp\/v2\/users\/4"}],"replies":[{"embeddable":true,"href":"http:\/\/fmriachuelo.it10.com.ar\/index.php\/wp-json\/wp\/v2\/comments?post=3516"}],"version-history":[{"count":0,"href":"http:\/\/fmriachuelo.it10.com.ar\/index.php\/wp-json\/wp\/v2\/posts\/3516\/revisions"}],"wp:featuredmedia":[{"embeddable":true,"href":"http:\/\/fmriachuelo.it10.com.ar\/index.php\/wp-json\/"}],"wp:attachment":[{"href":"http:\/\/fmriachuelo.it10.com.ar\/index.php\/wp-json\/wp\/v2\/media?parent=3516"}],"wp:term":[{"taxonomy":"category","embeddable":true,"href":"http:\/\/fmriachuelo.it10.com.ar\/index.php\/wp-json\/wp\/v2\/categories?post=3516"},{"taxonomy":"post_tag","embeddable":true,"href":"http:\/\/fmriachuelo.it10.com.ar\/index.php\/wp-json\/wp\/v2\/tags?post=3516"}],"curies":[{"name":"wp","href":"https:\/\/api.w.org\/{rel}","templated":true}]}}