{"id":3510,"date":"2016-12-30T15:06:55","date_gmt":"2016-12-30T15:06:55","guid":{"rendered":"http:\/\/fmriachuelo.com.ar\/ljkjklj\/?p=3510"},"modified":"2016-12-30T15:06:55","modified_gmt":"2016-12-30T15:06:55","slug":"conferencia-de-prensa-de-los-trabajadores-del-bauen-responden-al-veto-presidencial","status":"publish","type":"post","link":"http:\/\/fmriachuelo.it10.com.ar\/index.php\/2016\/12\/30\/conferencia-de-prensa-de-los-trabajadores-del-bauen-responden-al-veto-presidencial\/","title":{"rendered":"CONFERENCIA DE PRENSA DE LOS TRABAJADORES DEL BAUEN, RESPONDEN AL VETO PRESIDENCIAL"},"content":{"rendered":"<p style=\"text-align: justify\">[Fm Riachuelo 30\/12\/16] Los trabajadores de la cooperativa de trabajo Bauen, realizaron en el d\u00eda de ayer una conferencia de prensa y brindis en respuesta al veto presidencial sobre la ley de expropiaci\u00f3n votada en el Congreso Nacional. La conferencia de presencia se realiz\u00f3 en las puertas del hotel\u00a0con una multitudinaria presencia \u00a0y la solidaridad de trabajadores de otras cooperativas y de la econom\u00eda popular.<\/p>\n<p>Escuch\u00e1 los testimonios a continuaci\u00f3n:<\/p>\n<p style=\"text-align: justify\">Pocas horas antes de fin de a\u00f1o, el Presidente de la Naci\u00f3n decidi\u00f3 vetar la ley de expropiaci\u00f3n, \u00a0que ambas c\u00e1maras del Congreso Nacional sancionaron \u00a0por considerarlo de inter\u00e9s p\u00fablico. Una cooperativa de trabajo que se form\u00f3 para gestionar el hotel cuando los empresarios que manejaban el hotel lo abandonaron, en medio de oscuros negociados. Una fuente de trabajo digna gestionado por sus propios trabajadores.<\/p>\n<p>&nbsp;<\/p>\n","protected":false},"excerpt":{"rendered":"<p>[Fm Riachuelo 30\/12\/16] Los trabajadores de la cooperativa de trabajo Bauen, realizaron en el d\u00eda de ayer una conferencia de prensa y brindis en respuesta al veto presidencial sobre la ley de expropiaci\u00f3n votada en el Congreso Nacional. La conferencia de presencia se realiz\u00f3 en las puertas del hotel\u00a0con una multitudinaria presencia \u00a0y la solidaridad [&hellip;]<\/p>\n","protected":false},"author":4,"featured_media":3511,"comment_status":"open","ping_status":"open","sticky":false,"template":"","format":"standard","meta":{"_monsterinsights_skip_tracking":false,"_monsterinsights_sitenote_active":false,"_monsterinsights_sitenote_note":"","_monsterinsights_sitenote_category":0,"jnews-multi-image_gallery":[],"jnews_single_post":[],"jnews_primary_category":[],"_joinchat":[],"footnotes":""},"categories":[78,75],"tags":[],"class_list":["post-3510","post","type-post","status-publish","format-standard","has-post-thumbnail","hentry","category-economia-popular","category-trabajo"],"_links":{"self":[{"href":"http:\/\/fmriachuelo.it10.com.ar\/index.php\/wp-json\/wp\/v2\/posts\/3510","targetHints":{"allow":["GET"]}}],"collection":[{"href":"http:\/\/fmriachuelo.it10.com.ar\/index.php\/wp-json\/wp\/v2\/posts"}],"about":[{"href":"http:\/\/fmriachuelo.it10.com.ar\/index.php\/wp-json\/wp\/v2\/types\/post"}],"author":[{"embeddable":true,"href":"http:\/\/fmriachuelo.it10.com.ar\/index.php\/wp-json\/wp\/v2\/users\/4"}],"replies":[{"embeddable":true,"href":"http:\/\/fmriachuelo.it10.com.ar\/index.php\/wp-json\/wp\/v2\/comments?post=3510"}],"version-history":[{"count":0,"href":"http:\/\/fmriachuelo.it10.com.ar\/index.php\/wp-json\/wp\/v2\/posts\/3510\/revisions"}],"wp:featuredmedia":[{"embeddable":true,"href":"http:\/\/fmriachuelo.it10.com.ar\/index.php\/wp-json\/"}],"wp:attachment":[{"href":"http:\/\/fmriachuelo.it10.com.ar\/index.php\/wp-json\/wp\/v2\/media?parent=3510"}],"wp:term":[{"taxonomy":"category","embeddable":true,"href":"http:\/\/fmriachuelo.it10.com.ar\/index.php\/wp-json\/wp\/v2\/categories?post=3510"},{"taxonomy":"post_tag","embeddable":true,"href":"http:\/\/fmriachuelo.it10.com.ar\/index.php\/wp-json\/wp\/v2\/tags?post=3510"}],"curies":[{"name":"wp","href":"https:\/\/api.w.org\/{rel}","templated":true}]}}