{"id":3506,"date":"2016-12-30T14:51:13","date_gmt":"2016-12-30T14:51:13","guid":{"rendered":"http:\/\/fmriachuelo.com.ar\/ljkjklj\/?p=3506"},"modified":"2016-12-30T14:51:13","modified_gmt":"2016-12-30T14:51:13","slug":"ministerio-de-educacion-de-la-nacion-trabajadores-toman-edificio","status":"publish","type":"post","link":"http:\/\/fmriachuelo.it10.com.ar\/index.php\/2016\/12\/30\/ministerio-de-educacion-de-la-nacion-trabajadores-toman-edificio\/","title":{"rendered":"MINISTERIO DE EDUCACI\u00d3N DE LA NACI\u00d3N, TRABAJADORES TOMAN EDIFICIO"},"content":{"rendered":"<p style=\"text-align: justify\">[Fm Riachuelo 30\/12\/16] Pocas horas antes de finalizar el a\u00f1o, el Ministerio de Educaci\u00f2n de la Naci\u00f3n despidi\u00f3 a 2600 tutores y por lo menos 400 asistentes t\u00e9cnicos y de planta transitoria. En respuesta a la medida, \u00a0en demanda de la restituci\u00f3n de los puestos de trabajo y en defensa de la educaci\u00f3n p\u00fablica, los trabajadores realizaron una medida de protesta con ocupaci\u00f3n pac\u00edfica de los edificios del Ministerio, sita en Avda. Santa Fe al 1500, C.A.B.A\u00a0\u00a0 que le d\u00e9 visibilidad a la situaci\u00f3n.\u00a0Movilizados y en estado de alerta los trabajadores realizar\u00e1n una nueva asamblea en el d\u00eda de hoy.<\/p>\n<p style=\"text-align: justify\">Escuch\u00e1 a continuaci\u00f3n la entrevista a Adela Garc\u00eda, secretaria adjunta de la junta interna de ATE, del Ministerio de Educaci\u00f3n de la Naci\u00f3n:<\/p>\n<p>La nueva gesti\u00f3n de gobierno nacional Cambiemos ha afectado a la educaci\u00f3n p\u00fablica en este a\u00f1o de gobierno. Tal como lo afirm\u00f3 la secretaria adjunta de la Junta Interna de ATE en el Ministerio, que denunci\u00f3 el vaciamiento sistem\u00e1tico de la educaci\u00f3n p\u00fablica. Con el despido de\u00a0\u00a0alrededor de 3000 trabajadores y tambi\u00e9n con la descentralizaci\u00f3n de la cartera, sin presupuesto asignado\u00a0para varios programas en\u00a0las provincias, entre las medidas m\u00e1s importantes, lo que genera a\u00fan m\u00e1s precariedad y\u00a0el cierre de diferentes programas inclusivos, que benefician fundamentalmente a los sectores populares.<br \/>\nDurante el d\u00eda de ayer\u00a0decidieron realizar una ocupaci\u00f3n pac\u00edfica de la sede del Ministerio sita en Avda. Santa Fe al 1500, C.A.B.A., acompa\u00f1ados por la por la junta interna de delegados y la conducci\u00f3n de ATE Capital, en respuesta a los 2600 tutores despedidos y 400 casos entre asistentes t\u00e9cnicos y de planta transitoria y a la espera de una respuesta favorable a sus reclamos.<\/p>\n","protected":false},"excerpt":{"rendered":"<p>[Fm Riachuelo 30\/12\/16] Pocas horas antes de finalizar el a\u00f1o, el Ministerio de Educaci\u00f2n de la Naci\u00f3n despidi\u00f3 a 2600 tutores y por lo menos 400 asistentes t\u00e9cnicos y de planta transitoria. En respuesta a la medida, \u00a0en demanda de la restituci\u00f3n de los puestos de trabajo y en defensa de la educaci\u00f3n p\u00fablica, los [&hellip;]<\/p>\n","protected":false},"author":4,"featured_media":3508,"comment_status":"open","ping_status":"open","sticky":false,"template":"","format":"standard","meta":{"_monsterinsights_skip_tracking":false,"_monsterinsights_sitenote_active":false,"_monsterinsights_sitenote_note":"","_monsterinsights_sitenote_category":0,"jnews-multi-image_gallery":[],"jnews_single_post":[],"jnews_primary_category":[],"_joinchat":[],"footnotes":""},"categories":[78,77,75],"tags":[],"class_list":["post-3506","post","type-post","status-publish","format-standard","has-post-thumbnail","hentry","category-economia-popular","category-soberania","category-trabajo"],"_links":{"self":[{"href":"http:\/\/fmriachuelo.it10.com.ar\/index.php\/wp-json\/wp\/v2\/posts\/3506","targetHints":{"allow":["GET"]}}],"collection":[{"href":"http:\/\/fmriachuelo.it10.com.ar\/index.php\/wp-json\/wp\/v2\/posts"}],"about":[{"href":"http:\/\/fmriachuelo.it10.com.ar\/index.php\/wp-json\/wp\/v2\/types\/post"}],"author":[{"embeddable":true,"href":"http:\/\/fmriachuelo.it10.com.ar\/index.php\/wp-json\/wp\/v2\/users\/4"}],"replies":[{"embeddable":true,"href":"http:\/\/fmriachuelo.it10.com.ar\/index.php\/wp-json\/wp\/v2\/comments?post=3506"}],"version-history":[{"count":0,"href":"http:\/\/fmriachuelo.it10.com.ar\/index.php\/wp-json\/wp\/v2\/posts\/3506\/revisions"}],"wp:featuredmedia":[{"embeddable":true,"href":"http:\/\/fmriachuelo.it10.com.ar\/index.php\/wp-json\/"}],"wp:attachment":[{"href":"http:\/\/fmriachuelo.it10.com.ar\/index.php\/wp-json\/wp\/v2\/media?parent=3506"}],"wp:term":[{"taxonomy":"category","embeddable":true,"href":"http:\/\/fmriachuelo.it10.com.ar\/index.php\/wp-json\/wp\/v2\/categories?post=3506"},{"taxonomy":"post_tag","embeddable":true,"href":"http:\/\/fmriachuelo.it10.com.ar\/index.php\/wp-json\/wp\/v2\/tags?post=3506"}],"curies":[{"name":"wp","href":"https:\/\/api.w.org\/{rel}","templated":true}]}}