{"id":350,"date":"2015-06-17T12:58:00","date_gmt":"2015-06-17T12:58:00","guid":{"rendered":"http:\/\/fmriachuelo.observatorioess.org.ar\/index.php\/2015\/06\/17\/san-isidro-un-nuevo-caso-de-judicializacion-por-parte-de-la-fiscalia-especializada-en-genero\/"},"modified":"2025-04-01T16:19:44","modified_gmt":"2025-04-01T19:19:44","slug":"san-isidro-un-nuevo-caso-de-judicializacion-por-parte-de-la-fiscalia-especializada-en-genero","status":"publish","type":"post","link":"http:\/\/fmriachuelo.it10.com.ar\/index.php\/2015\/06\/17\/san-isidro-un-nuevo-caso-de-judicializacion-por-parte-de-la-fiscalia-especializada-en-genero\/","title":{"rendered":"SAN ISIDRO: UN NUEVO CASO DE JUDICIALIZACI\u00d3N POR PARTE DE LA FISCALIA ESPECIALIZADA EN G\u00c9NERO"},"content":{"rendered":"<p><span style=\"font-family: Verdana, sans-serif\">Difundimos comunicado:<\/span><br \/><span style=\"font-family: Verdana, sans-serif;font-size: large\"><strong>\u00bfAbandono de persona o femicidio vinculado? <\/strong><\/span> <\/p>\n<div style=\"clear: both;text-align: center\"><a href=\"http:\/\/1.bp.blogspot.com\/-aQhgEFIOt84\/VYFuTUptf9I\/AAAAAAAAEyk\/tru4WhU96iY\/s1600\/justicia.png\" style=\"clear: left;float: left;margin-bottom: 1em;margin-right: 1em\"><img decoding=\"async\" border=\"0\" src=\"http:\/\/1.bp.blogspot.com\/-aQhgEFIOt84\/VYFuTUptf9I\/AAAAAAAAEyk\/tru4WhU96iY\/s1600\/justicia.png\" \/><\/a><\/div>\n<div style=\"text-align: justify\"><span style=\"font-family: Verdana, sans-serif\">La fiscal \u201cespecializada en g\u00e9nero\u201d Carolina Carballido Calatayud: figurita repetida contra las mujeres<\/span><\/div>\n<div style=\"text-align: justify\"> <\/div>\n<div style=\"text-align: justify\"><span style=\"font-family: Verdana, sans-serif\">El mi\u00e9rcoles 10, Milagros Melina Ben\u00edtez, de un a\u00f1o y once meses, fue trasladada por su madre, Celina Ben\u00edtez, y su padrastro, Luis Carlos Alonzo, al Hospital Materno Infantil Comodoro Hugo Meisner de Derqui, en el partido de Pilar, sin signos vitales. Ten\u00eda huellas de abuso sexual y lesiones \u2013desde golpes hasta quemaduras- en todo el cuerpo. Pocas horas despu\u00e9s del deceso, la pareja de la mam\u00e1 de la beba fue detenido Jefatura Departamental de San Mart\u00edn: estaba al cuidado de la ni\u00f1a mientras la mujer trabajaba fuera de la casa. En tanto que ella fue detenida por \u201cabandono de persona\u201d, y ya fue trasladada a una unidad carcelaria de La Plata. La fiscal interviniente es Carolina Carballido Calatayud, titular de la Unidad Especializada en Violencia de G\u00e9nero de Derqui, Departamento Judicial de San Isidro.<\/p>\n<p>No es la primera vez que esta funcionaria judicial acusa bajo la car\u00e1tula de \u201cabandono de persona\u201d: fue el mismo cargo que le atribuy\u00f3 a Yanina Gonz\u00e1lez, una joven pobre con discapacidad intelectual, madre de Lul\u00fa. La peque\u00f1a muri\u00f3 como consecuencia de una golpiza propinada por la pareja de la mam\u00e1, Alejandro Fern\u00e1ndez, pero el femicidio vinculado \u2013asesinato cometido por el femicida con el objeto de castigar y destruir ps\u00edquicamente a la mujer a quien consideran de su propiedad-, qued\u00f3 fuera de la investigaci\u00f3n cuando las pruebas se\u00f1alan a un \u00fanico responsable: Fern\u00e1ndez. <\/span><a name='more'><\/a><span style=\"font-family: Verdana, sans-serif\"><br \/> <\/span><span style=\"font-family: Verdana, sans-serif\">Y en ese punto es necesario considerar que Carballido Calatayud est\u00e1 al frente de una Unidad Especializada en Violencia de G\u00e9nero pero que en los casos de Lul\u00fa y Yanina, as\u00ed como en el de Milagros y Celina, no contempl\u00f3 esa perspectiva si no que se interes\u00f3 por responsabilizar a las madres \u2013tambi\u00e9n v\u00edctimas, a quienes las imputa por \u201comisi\u00f3n\u201d pero desconoce que estas \u201cgarantes\u201d del bienestar de las\/os ni\u00f1as\/os no tienen posibilidad real de salvarlas\/os, ya que hasta carecen de los medios necesarios para defenderse a s\u00ed mismas. La agente judicial exige conductas heroicas a quienes son sometidas a un r\u00e9gimen de tortura dom\u00e9stica y cotidiana. <\/span><br \/>  <span style=\"font-family: Verdana, sans-serif\"><\/span><br \/><span style=\"font-family: Verdana, sans-serif\">Entonces, \u00bfC\u00f3mo van a escapar las Yaninas y las Celinas de sus casas si funcionarias como Carballido Calatayud no reconocen su victimizaci\u00f3n? Sin entender \u2013ni atender- las din\u00e1micas de la violencia y con imputaciones discriminatorias, prejuiciosas e incorrectas, la funcionaria del Estado no cumple con su obligaci\u00f3n de prevenir, investigar y sancionar las agresiones contra las mujeres. Es por eso que en febrero pasado elevamos un pedido a la Procuradur\u00eda General de la Provincia de Buenos Aires un informe acerca de la designaci\u00f3n de la fiscal interviniente y el desarrollo de su desempe\u00f1o. Sin respuestas, volvimos a enviar otro para exigir que fiscales, jueces\/lzas y funcionarios\/as judiciales se formen y tengan competencias para tratar adecuadamente estos casos, as\u00ed como mecanismos que regulen sus nombramientos.<\/p>\n<p><strong>Sobre el rol de los medios<\/strong><\/p>\n<p>Si bien los medios de comunicaci\u00f3n hicieron eco de manera masiva de la convocatoria \u201cNi una menos\u201d y se mostraron \u201csensibilizados\u201d frente a las violencias contra las mujeres, son los\/as mismos\/as periodistas y comunicadores\/as quienes informan sobre el caso de Milagros y Celina sin perspectiva que se posicione en el marco de los derechos humanos. Las transmisiones demuestras una doble moral al tomar el hecho de manera aislada, sin tener en cuenta el contexto previo, aportando datos escabrosos y dejando sin posibilidad de palabra a las personas directamente involucradas se suman a la espiral de agresiones.&nbsp; <\/p>\n<p>Por lo anterior, la Coordinadora Feminista Antirrepresiva exige&nbsp; <\/p>\n<p>Libertad para Celina<\/p>\n<p>Justicia para Milagros<\/p>\n<p>Contactos de prensa:&nbsp; <br \/><\/span><a href=\"mailto:lacoordinadorafeminista@gmail.com\"><span style=\"font-family: Verdana, sans-serif\">lacoordinadorafeminista@gmail.com<\/span><\/a><span style=\"font-family: Verdana, sans-serif\"> <\/p>\n<p> Sabrina Cartabia: 1561632546   &#8212;  Rosario Castelli: 1556011432<\/span><\/div>\n","protected":false},"excerpt":{"rendered":"<p>Difundimos comunicado:\u00bfAbandono de persona o femicidio vinculado? La fiscal \u201cespecializada en g\u00e9nero\u201d Carolina Carballido Calatayud: figurita repetida contra las mujeres El mi\u00e9rcoles 10, Milagros Melina Ben\u00edtez, de un a\u00f1o y once meses, fue trasladada por su madre, Celina Ben\u00edtez, y su padrastro, Luis Carlos Alonzo, al Hospital Materno Infantil Comodoro Hugo Meisner de Derqui, en [&hellip;]<\/p>\n","protected":false},"author":4,"featured_media":0,"comment_status":"open","ping_status":"open","sticky":false,"template":"","format":"standard","meta":{"_monsterinsights_skip_tracking":false,"_monsterinsights_sitenote_active":false,"_monsterinsights_sitenote_note":"","_monsterinsights_sitenote_category":0,"jnews-multi-image_gallery":[],"jnews_single_post":{"format":"standard"},"jnews_primary_category":[],"_joinchat":[],"footnotes":""},"categories":[58],"tags":[100],"class_list":["post-350","post","type-post","status-publish","format-standard","hentry","category-noticiariachuelo","tag-violencia-de-genero"],"_links":{"self":[{"href":"http:\/\/fmriachuelo.it10.com.ar\/index.php\/wp-json\/wp\/v2\/posts\/350","targetHints":{"allow":["GET"]}}],"collection":[{"href":"http:\/\/fmriachuelo.it10.com.ar\/index.php\/wp-json\/wp\/v2\/posts"}],"about":[{"href":"http:\/\/fmriachuelo.it10.com.ar\/index.php\/wp-json\/wp\/v2\/types\/post"}],"author":[{"embeddable":true,"href":"http:\/\/fmriachuelo.it10.com.ar\/index.php\/wp-json\/wp\/v2\/users\/4"}],"replies":[{"embeddable":true,"href":"http:\/\/fmriachuelo.it10.com.ar\/index.php\/wp-json\/wp\/v2\/comments?post=350"}],"version-history":[{"count":1,"href":"http:\/\/fmriachuelo.it10.com.ar\/index.php\/wp-json\/wp\/v2\/posts\/350\/revisions"}],"predecessor-version":[{"id":23586,"href":"http:\/\/fmriachuelo.it10.com.ar\/index.php\/wp-json\/wp\/v2\/posts\/350\/revisions\/23586"}],"wp:attachment":[{"href":"http:\/\/fmriachuelo.it10.com.ar\/index.php\/wp-json\/wp\/v2\/media?parent=350"}],"wp:term":[{"taxonomy":"category","embeddable":true,"href":"http:\/\/fmriachuelo.it10.com.ar\/index.php\/wp-json\/wp\/v2\/categories?post=350"},{"taxonomy":"post_tag","embeddable":true,"href":"http:\/\/fmriachuelo.it10.com.ar\/index.php\/wp-json\/wp\/v2\/tags?post=350"}],"curies":[{"name":"wp","href":"https:\/\/api.w.org\/{rel}","templated":true}]}}