{"id":3490,"date":"2016-12-29T13:28:34","date_gmt":"2016-12-29T13:28:34","guid":{"rendered":"http:\/\/fmriachuelo.com.ar\/ljkjklj\/?p=3490"},"modified":"2016-12-29T13:28:34","modified_gmt":"2016-12-29T13:28:34","slug":"conicet-asamblea-federal-de-trabajadores-en-cordoba","status":"publish","type":"post","link":"http:\/\/fmriachuelo.it10.com.ar\/index.php\/2016\/12\/29\/conicet-asamblea-federal-de-trabajadores-en-cordoba\/","title":{"rendered":"CONICET: ASAMBLEA FEDERAL DE TRABAJADORES EN C\u00d3RDOBA"},"content":{"rendered":"<p>[La Tinta] Trabajadores de todo el pa\u00eds que dependen del Ministerio de Ciencia y T\u00e9cnica se re\u00fanen este jueves a las 14 en el Observatorio Astron\u00f3mico de la ciudad C\u00f3rdoba (Laprida 854).<\/p>\n<p style=\"text-align: justify\">Mientras la asamblea que manten\u00eda la toma del Ministerio en Buenos Aires decid\u00eda aceptar la propuesta del Gobierno Nacional y levantar las medidas de fuerza, los trabajadores de los CTT del interior del pa\u00eds propon\u00edan continuar las protestas y entregar una contraoferta a Naci\u00f3n.<\/p>\n<p style=\"text-align: justify\">Estas diferencias llevaron a las asambleas del interior a avanzar hacia un frente com\u00fan para exigir condiciones m\u00e1s justas al Ejecutivo. En este contexto, este jueves se realiza el primer encuentro interprovincial.\u00a0La reuni\u00f3n ser\u00e1 de car\u00e1cter abierto con el objetivo de elaborar conjuntamente una propuesta de plan de lucha contra el recorte a los ingresos CIC en particular y del ajuste en Ciencia y T\u00e9cnica en general.<\/p>\n<p style=\"text-align: justify\">Participar\u00e1n delegados de C\u00f3rdoba, R\u00edo Cuarto, San Luis, Mar del Plata, Jujuy, Buenos Aires, Misiones, Nordeste, Puerto Madryn, San Juan Catamarca, Santa Fe, Santiago del Estero, Villa Mar\u00eda, Mendoza, Rosario y La Plata.<\/p>\n<p style=\"text-align: justify\">Pablo Garc\u00eda, asamble\u00edsta y becario de Conicet, remarc\u00f3: \u00a0\u201cNo queremos que Buenos Aires vuelva a firmar por nosotros\u201d. \u00a0Para evitar eso, en caso de que se necesite realizar una votaci\u00f3n este jueves se garantizar\u00e1 una representaci\u00f3n equitativa de cada asamblea presente en la reuni\u00f3n.<\/p>\n<p style=\"text-align: justify\">\u201cVamos a resolver c\u00f3mo continuar ya que Buenos Aires ha firmado y en alg\u00fan punto eso nos ha vinculado porque el acuerdo implicaba el cese de la toma de los CCT -ac\u00e1 en C\u00f3rdoba lo tomamos durante la semana pasada- pero a nosotros nadie nos consult\u00f3. Entonces estamos ante una situaci\u00f3n bastante complicada\u201d, explic\u00f3 a Radio Universidad.<\/p>\n<p style=\"text-align: justify\">La posici\u00f3n de la Asamblea de C\u00f3rdoba es que la propuesta de Naci\u00f3n es insuficiente. Consideran que se extiende un a\u00f1o m\u00e1s la precarizaci\u00f3n laboral de los becarios ya que se extienden las becas en lugar de incorporar los 500 cient\u00edficos a planta permanente de Conicet. Por otra parte se critic\u00f3 la idea de \u201creubicaci\u00f3n\u201d en otros organismos estatales: \u201cHemos sido formados para ejercer como cient\u00edficos\u201d, reafirmaron.<\/p>\n","protected":false},"excerpt":{"rendered":"<p>[La Tinta] Trabajadores de todo el pa\u00eds que dependen del Ministerio de Ciencia y T\u00e9cnica se re\u00fanen este jueves a las 14 en el Observatorio Astron\u00f3mico de la ciudad C\u00f3rdoba (Laprida 854). Mientras la asamblea que manten\u00eda la toma del Ministerio en Buenos Aires decid\u00eda aceptar la propuesta del Gobierno Nacional y levantar las medidas [&hellip;]<\/p>\n","protected":false},"author":4,"featured_media":3491,"comment_status":"open","ping_status":"open","sticky":false,"template":"","format":"standard","meta":{"_monsterinsights_skip_tracking":false,"_monsterinsights_sitenote_active":false,"_monsterinsights_sitenote_note":"","_monsterinsights_sitenote_category":0,"jnews-multi-image_gallery":[],"jnews_single_post":[],"jnews_primary_category":[],"_joinchat":[],"footnotes":""},"categories":[77,75],"tags":[],"class_list":["post-3490","post","type-post","status-publish","format-standard","has-post-thumbnail","hentry","category-soberania","category-trabajo"],"_links":{"self":[{"href":"http:\/\/fmriachuelo.it10.com.ar\/index.php\/wp-json\/wp\/v2\/posts\/3490","targetHints":{"allow":["GET"]}}],"collection":[{"href":"http:\/\/fmriachuelo.it10.com.ar\/index.php\/wp-json\/wp\/v2\/posts"}],"about":[{"href":"http:\/\/fmriachuelo.it10.com.ar\/index.php\/wp-json\/wp\/v2\/types\/post"}],"author":[{"embeddable":true,"href":"http:\/\/fmriachuelo.it10.com.ar\/index.php\/wp-json\/wp\/v2\/users\/4"}],"replies":[{"embeddable":true,"href":"http:\/\/fmriachuelo.it10.com.ar\/index.php\/wp-json\/wp\/v2\/comments?post=3490"}],"version-history":[{"count":0,"href":"http:\/\/fmriachuelo.it10.com.ar\/index.php\/wp-json\/wp\/v2\/posts\/3490\/revisions"}],"wp:featuredmedia":[{"embeddable":true,"href":"http:\/\/fmriachuelo.it10.com.ar\/index.php\/wp-json\/"}],"wp:attachment":[{"href":"http:\/\/fmriachuelo.it10.com.ar\/index.php\/wp-json\/wp\/v2\/media?parent=3490"}],"wp:term":[{"taxonomy":"category","embeddable":true,"href":"http:\/\/fmriachuelo.it10.com.ar\/index.php\/wp-json\/wp\/v2\/categories?post=3490"},{"taxonomy":"post_tag","embeddable":true,"href":"http:\/\/fmriachuelo.it10.com.ar\/index.php\/wp-json\/wp\/v2\/tags?post=3490"}],"curies":[{"name":"wp","href":"https:\/\/api.w.org\/{rel}","templated":true}]}}