{"id":349,"date":"2015-06-17T13:36:00","date_gmt":"2015-06-17T13:36:00","guid":{"rendered":"http:\/\/fmriachuelo.observatorioess.org.ar\/index.php\/2015\/06\/17\/caba-la-gran-rebelion-de-los-estudiantes-secundarios-argentinos\/"},"modified":"2025-04-01T16:36:29","modified_gmt":"2025-04-01T19:36:29","slug":"caba-la-gran-rebelion-de-los-estudiantes-secundarios-argentinos","status":"publish","type":"post","link":"http:\/\/fmriachuelo.it10.com.ar\/index.php\/2015\/06\/17\/caba-la-gran-rebelion-de-los-estudiantes-secundarios-argentinos\/","title":{"rendered":"CABA: LA GRAN REBELI\u00d3N DE LOS ESTUDIANTES SECUNDARIOS ARGENTINOS"},"content":{"rendered":"<h1 style=\"text-align: justify\"><span style=\"color: red\">POLITICAS P\u00daBLICAS DE VACIAMIENTO Y PERSECUSI\u00d3N A ESTUDIANTES<\/span><\/h1>\n<h1 style=\"text-align: justify\"><span style=\"color: red\">EN DEFENSA DE LA EDUCACI\u00d3N PUBLICA<\/span><a href=\"http:\/\/4.bp.blogspot.com\/-RI7neydWtms\/VYF2bWt-Z5I\/AAAAAAAAEy0\/AL2Z4p5kNDo\/s1600\/COORD.png\" style=\"clear: left;float: left;margin-bottom: 1em;margin-right: 1em\"><img loading=\"lazy\" decoding=\"async\" border=\"0\" height=\"212\" src=\"http:\/\/4.bp.blogspot.com\/-RI7neydWtms\/VYF2bWt-Z5I\/AAAAAAAAEy0\/AL2Z4p5kNDo\/s320\/COORD.png\" width=\"320\" \/><\/a><\/h1>\n<p><span style=\"color: red\"><\/p>\n<div><span style=\"color: black;font-family: Verdana, sans-serif;font-size: medium\">Colegios ocupados, marchas multitudinarias, cortes de calles, exigiendo una educaci\u00f3n que los incluya y colegios que no se vengan abajo<\/span><\/div>\n<p><\/span><span style=\"font-family: Verdana, sans-serif;font-size: large\"><strong>\u00a1Ac\u00e1 estamos somos los estudiantes!<\/strong><\/span><\/p>\n<p><span style=\"font-family: Verdana, sans-serif\">Dicen los j\u00f3venes estudiantes:<br \/>\u00abEXPANSI\u00d3N Y REFORMA EDILICIA INTEGRAL DE TODOS LOS COLEGIOS\u201d<\/p>\n<p>Contin\u00faan los PROblemas en los colegios de la ciudad: La aplicaci\u00f3n de la NESC (Nueva Escuela Secundaria de Calidad), que provoca la degradaci\u00f3n de los t\u00edtulos, el despido de los docentes que dictan las materias recortadas, la falta de edificios adaptados a este modelo educativo (se superponen 2 turnos diferentes en un mismo colegio; faltan aulas), etc.<br \/>A esto, se le suma la l\u00ednea telef\u00f3nica que sac\u00f3 el PRO para recibir \u201cdenuncias\u201d an\u00f3nimas a quienes desarrollen actividades pol\u00edticas en los colegios secundarios (el 0800 buch\u00f3n), la regimentaci\u00f3n pol\u00edtica de los Centros de Estudiantes y, por ejemplo, con el reglamento de vestimenta (especialmente las mujeres). Y, por supuesto, los problemas que se tienen desde hace a\u00f1os: la falta de edificios (especialmente en la zona sur), el cierre de cursos, un presupuesto muy bajo para la educaci\u00f3n p\u00fablica (mientras se subsidia la privada y la mayor\u00eda de las escuelas existentes necesitan ser arregladas), y no podemos olvidarnos tampoco que a\u00fan no se aplic\u00f3 la Ley de Educaci\u00f3n Sexual Integral de manera transversal en los colegios, exigimos su inmediata aplicaci\u00f3n.<br \/>Estan destruyendo nuestra educaci\u00f3n, \u00bfTe vas a quedar de brazos cruzados?<br \/><a name='more'><\/a><\/p>\n<p><\/span><span style=\"font-family: Verdana, sans-serif\">EL LUNES: CORTE DE CALLES EN CALLAO Y CORRIENTES<br \/>RECLAMANDO QUE TANTO EL GOBIERNO DE LA CIUDAD COMO EL DE LA NACI\u00d3N ATIENDAN LAS DEMANDAS ESTUDIANTILES<\/p>\n<p>ESTE MARTES LOS ESTUDIANTES SE CONCENTRARON FRENTE A LA LEGISLATURA<\/p>\n<p>En la tarde de hoy los estudiantes secundarios convocados como COORDINADORA DE ESTUDIANTES DE BASE se concentraron en la puerta de la Legislatura porte\u00f1a con las mismas consignas que anteriormente fueron llevadas a la marcha del 12\/6 y a tantas otras movilizaciones.<\/p>\n<p>Al llegar los representantes de los colegios tomados fueron recibidos por la comision de educacion,la cual se reune todos los martes,para plantear las reconocidas reivindicaciones exigiendo una reunion inmediata con el ministro y soluciones concretas a los problemas.<\/p>\n<p>MIENTRAS LOS ESTUDIANTES (DE  ENTRE 13 Y 17 A\u00d1OS) LUCHAN, LA POLIC\u00cdA PRESIONA ENTRANDO A LOS COLEGIOS<br \/>ESTO NOS DIJERON LOS CHICOS QUE OCUPAN EL COLEGIO MARIANO ACOSTA:<\/p>\n<p>\u00abNos quieren intimidar los directivos, la polic\u00eda y los gobiernos pero los estudiantes secundarios no bajamos los brazos! Fuerza compa\u00f1eras y compa\u00f1eros!<\/p>\n<p>Estamos en la toma del Mariano Acosta, y Raquel Papalardo, la rectora, llam\u00f3 la polic\u00eda y entraron dos cabos pidiendo nombres y neg\u00e1ndonos su n\u00famero de placa. Sacamos fotos y una docente de terciario grab\u00f3 un audio. Favor de difundir.\u00bb<\/p>\n<p>ENTREVISTA A ESTUDIANTES DE \u201cLA SIM\u00d3N BOL\u00cdVAR\u00bb<br \/>\u00abLos estudiantes no nos quedamos cruzados de brazos al ver el ajuste que los gobiernos aplican contra la educaci\u00f3n del pueblo, no nos rendimos cuando nos mandan a la polic\u00eda y gendarmer\u00eda a intimidarnos, no bajamos los brazos nunca porque esta lucha es nuestra!<br \/>Ya van siete colegios tomados y m\u00e1s discutiendo la medida. \u00a1El momento es ahora compa\u00f1eras y compa\u00f1eros! Demostremos una vez m\u00e1s que el movimiento secundario grita muy fuerte y defiende su educaci\u00f3n p\u00fablica!<br \/>ARRIBA LOS SECUNDARIOS\u00bb<\/p>\n<p>VER VIDEO DE LA MARCHA Y LA ENTREVISTA<\/span><a href=\"https:\/\/www.facebook.com\/agrupacion.simonbolivar\/videos\/1613284562284521\/\"><span style=\"font-family: Verdana, sans-serif\">https:\/\/www.facebook.com\/agrupacion.simonbolivar\/videos\/1613284562284521\/<\/span><\/a><\/p>\n<p><span style=\"font-family: Verdana, sans-serif\"> <span style=\"color: blue\">Fuente: Resumen Latinoamericano, Producci\u00f3n Riachuelo<\/span><\/span><\/p>\n","protected":false},"excerpt":{"rendered":"<p>POLITICAS P\u00daBLICAS DE VACIAMIENTO Y PERSECUSI\u00d3N A ESTUDIANTES EN DEFENSA DE LA EDUCACI\u00d3N PUBLICA Colegios ocupados, marchas multitudinarias, cortes de calles, exigiendo una educaci\u00f3n que los incluya y colegios que no se vengan abajo \u00a1Ac\u00e1 estamos somos los estudiantes! Dicen los j\u00f3venes estudiantes:\u00abEXPANSI\u00d3N Y REFORMA EDILICIA INTEGRAL DE TODOS LOS COLEGIOS\u201d Contin\u00faan los PROblemas en [&hellip;]<\/p>\n","protected":false},"author":4,"featured_media":0,"comment_status":"open","ping_status":"open","sticky":false,"template":"","format":"standard","meta":{"_monsterinsights_skip_tracking":false,"_monsterinsights_sitenote_active":false,"_monsterinsights_sitenote_note":"","_monsterinsights_sitenote_category":0,"jnews-multi-image_gallery":[],"jnews_single_post":{"format":"standard"},"jnews_primary_category":[],"_joinchat":[],"footnotes":""},"categories":[58],"tags":[101,157],"class_list":["post-349","post","type-post","status-publish","format-standard","hentry","category-noticiariachuelo","tag-educacion","tag-nadie-se-salva-solo"],"_links":{"self":[{"href":"http:\/\/fmriachuelo.it10.com.ar\/index.php\/wp-json\/wp\/v2\/posts\/349","targetHints":{"allow":["GET"]}}],"collection":[{"href":"http:\/\/fmriachuelo.it10.com.ar\/index.php\/wp-json\/wp\/v2\/posts"}],"about":[{"href":"http:\/\/fmriachuelo.it10.com.ar\/index.php\/wp-json\/wp\/v2\/types\/post"}],"author":[{"embeddable":true,"href":"http:\/\/fmriachuelo.it10.com.ar\/index.php\/wp-json\/wp\/v2\/users\/4"}],"replies":[{"embeddable":true,"href":"http:\/\/fmriachuelo.it10.com.ar\/index.php\/wp-json\/wp\/v2\/comments?post=349"}],"version-history":[{"count":1,"href":"http:\/\/fmriachuelo.it10.com.ar\/index.php\/wp-json\/wp\/v2\/posts\/349\/revisions"}],"predecessor-version":[{"id":23588,"href":"http:\/\/fmriachuelo.it10.com.ar\/index.php\/wp-json\/wp\/v2\/posts\/349\/revisions\/23588"}],"wp:attachment":[{"href":"http:\/\/fmriachuelo.it10.com.ar\/index.php\/wp-json\/wp\/v2\/media?parent=349"}],"wp:term":[{"taxonomy":"category","embeddable":true,"href":"http:\/\/fmriachuelo.it10.com.ar\/index.php\/wp-json\/wp\/v2\/categories?post=349"},{"taxonomy":"post_tag","embeddable":true,"href":"http:\/\/fmriachuelo.it10.com.ar\/index.php\/wp-json\/wp\/v2\/tags?post=349"}],"curies":[{"name":"wp","href":"https:\/\/api.w.org\/{rel}","templated":true}]}}