{"id":3477,"date":"2016-12-25T13:35:42","date_gmt":"2016-12-25T13:35:42","guid":{"rendered":"http:\/\/fmriachuelo.com.ar\/ljkjklj\/?p=3477"},"modified":"2016-12-25T13:35:42","modified_gmt":"2016-12-25T13:35:42","slug":"conicet-balance-de-cientificos-precarizados","status":"publish","type":"post","link":"http:\/\/fmriachuelo.it10.com.ar\/index.php\/2016\/12\/25\/conicet-balance-de-cientificos-precarizados\/","title":{"rendered":"CONICET: BALANCE DE CIENT\u00cdFICOS PRECARIZADOS"},"content":{"rendered":"<p style=\"text-align: justify\">[FM Riachuelo 26\/12\/16] A pocas horas de la celebraci\u00f3n de la Navidad los cient\u00edficos del Conicet lograron firmar un acuerdo con el gobierno nacional, que permita la reincorporaci\u00f3n de los investigadores despedidos. La fuerte protesta del conjunto de los trabajadores de la ciencia y su visibilizaci\u00f3n oblig\u00f3 al gobierno a retroceder en una medida que amenaza con frenar y desactivar los desarrollos cient\u00edficos en nuestro pa\u00eds.<\/p>\n<p style=\"text-align: justify\">El viernes 23\/12 se aprob\u00f3 en una masiva asamblea la firma de un acta con las autoridades del MinCyT que establec\u00eda la reincorporaci\u00f3n de los 508 compa\u00f1eros\/as que quedaban despedidos\/as del organismo luego de haber sido recomendados para ingresar a la Carrera de Investigador del CONICET. El acta final incorpor\u00f3 todas las modificaciones que se hab\u00edan discutido y votado en la asamblea y estableci\u00f3 que:\u00a0<a href=\"https:\/\/jovenescientificosprecarizados.wordpress.com\/\">https:\/\/jovenescientificosprecarizados.wordpress.com\/<\/a><\/p>\n<p style=\"text-align: justify\">Reproducimos Comunicado:<\/p>\n<p style=\"text-align: justify\">Breve balance de J\u00f3venes Cient\u00edficos Precarizados sobre el conflicto en Conicet, y el acta firmada.<\/p>\n<p style=\"text-align: justify\">Muchos de los docentes del CBC tambi\u00e9n somos trabajadores del Conicet, y, como se dijo muchas veces durante la lucha de este a\u00f1o en la UBA, el ajuste del macrismo es el mismo tanto para la educaci\u00f3n como para la ciencia y para el conjunto de los trabajadores. Por eso tambi\u00e9n la AGD estuvo acompa\u00f1ando toda la lucha de Conicet.<\/p>\n<p style=\"text-align: justify\">Lo que se logr\u00f3, si bien no es el objetivo de m\u00e1xima por el que seguimos luchando, es un triunfo importante, ya que se le puso un freno a los 500 despidos manteniendo a la totalidad con un salario durante todo el 2017 mientras se discute en una comisi\u00f3n integrada por todas las organizaciones de becarios e investigadores y los gremios su inserci\u00f3n en distintas \u00e1reas del sistema cient\u00edfico nacional incluido el Conicet. Desde ya, es un piso sobre el cual la lucha seguir\u00e1 en cada punto de su implementaci\u00f3n concreta, y el extraordinario conflicto que protagonizamos nos deja en muy buenas condiciones no solo para garantizar el trabajo de los 500, sino para la defensa del sistema cient\u00edfico tecnol\u00f3gico contra los planes de vaciamiento del Gobierno.<\/p>\n<p style=\"text-align: justify\">Por \u00faltimo, la lucha dada en Conicet, que incluy\u00f3 la toma de 5 d\u00edas, cortes de calle, un paro de ATE, declaraciones de cient\u00edficos, gremios y decenas de organizaciones, bocinazos, etc., y decidiendo todo en enormes asambleas, es un ejemplo de que se pueden enfrentar las pol\u00edticas de ajuste y torcerles el brazo, y c\u00f3mo hacerlo, y creo que nos da un fuerte impulso en la lucha que venimos dando en el CBC y en el movimiento docente universitario en general.<\/p>\n<p style=\"text-align: justify\">Saludos a todos,<\/p>\n<p style=\"text-align: justify\">Rodolfo Laufer<\/p>\n<p>(Docente del CBC Avellaneda y Becario Doctoral del Conicet)<\/p>\n","protected":false},"excerpt":{"rendered":"<p>[FM Riachuelo 26\/12\/16] A pocas horas de la celebraci\u00f3n de la Navidad los cient\u00edficos del Conicet lograron firmar un acuerdo con el gobierno nacional, que permita la reincorporaci\u00f3n de los investigadores despedidos. La fuerte protesta del conjunto de los trabajadores de la ciencia y su visibilizaci\u00f3n oblig\u00f3 al gobierno a retroceder en una medida que [&hellip;]<\/p>\n","protected":false},"author":4,"featured_media":3478,"comment_status":"open","ping_status":"open","sticky":false,"template":"","format":"link","meta":{"_monsterinsights_skip_tracking":false,"_monsterinsights_sitenote_active":false,"_monsterinsights_sitenote_note":"","_monsterinsights_sitenote_category":0,"jnews-multi-image_gallery":[],"jnews_single_post":[],"jnews_primary_category":[],"_joinchat":[],"footnotes":""},"categories":[77,75],"tags":[],"class_list":["post-3477","post","type-post","status-publish","format-link","has-post-thumbnail","hentry","category-soberania","category-trabajo","post_format-post-format-link"],"_links":{"self":[{"href":"http:\/\/fmriachuelo.it10.com.ar\/index.php\/wp-json\/wp\/v2\/posts\/3477","targetHints":{"allow":["GET"]}}],"collection":[{"href":"http:\/\/fmriachuelo.it10.com.ar\/index.php\/wp-json\/wp\/v2\/posts"}],"about":[{"href":"http:\/\/fmriachuelo.it10.com.ar\/index.php\/wp-json\/wp\/v2\/types\/post"}],"author":[{"embeddable":true,"href":"http:\/\/fmriachuelo.it10.com.ar\/index.php\/wp-json\/wp\/v2\/users\/4"}],"replies":[{"embeddable":true,"href":"http:\/\/fmriachuelo.it10.com.ar\/index.php\/wp-json\/wp\/v2\/comments?post=3477"}],"version-history":[{"count":0,"href":"http:\/\/fmriachuelo.it10.com.ar\/index.php\/wp-json\/wp\/v2\/posts\/3477\/revisions"}],"wp:featuredmedia":[{"embeddable":true,"href":"http:\/\/fmriachuelo.it10.com.ar\/index.php\/wp-json\/"}],"wp:attachment":[{"href":"http:\/\/fmriachuelo.it10.com.ar\/index.php\/wp-json\/wp\/v2\/media?parent=3477"}],"wp:term":[{"taxonomy":"category","embeddable":true,"href":"http:\/\/fmriachuelo.it10.com.ar\/index.php\/wp-json\/wp\/v2\/categories?post=3477"},{"taxonomy":"post_tag","embeddable":true,"href":"http:\/\/fmriachuelo.it10.com.ar\/index.php\/wp-json\/wp\/v2\/tags?post=3477"}],"curies":[{"name":"wp","href":"https:\/\/api.w.org\/{rel}","templated":true}]}}