{"id":3474,"date":"2016-12-23T22:28:54","date_gmt":"2016-12-23T22:28:54","guid":{"rendered":"http:\/\/fmriachuelo.com.ar\/ljkjklj\/?p=3474"},"modified":"2016-12-23T22:28:54","modified_gmt":"2016-12-23T22:28:54","slug":"organizaciones-exigen-justicia-por-cesar-mendez","status":"publish","type":"post","link":"http:\/\/fmriachuelo.it10.com.ar\/index.php\/2016\/12\/23\/organizaciones-exigen-justicia-por-cesar-mendez\/","title":{"rendered":"ORGANIZACIONES EXIGEN JUSTICIA POR CESAR MENDEZ"},"content":{"rendered":"<p>[FMR 23\/12\/2016] En la tarde de ayer, organizaciones populares e solidaridad con el Movimiento Popular La Dignidad marcharon desde la UPA de Cuartel Quinto, sobre la ruta 24, hacia la Comisar\u00eda 4ta de Moreno, para exigir justicia por Cesar Mendez, militante de La Dignidad asesinado en la madrugada del jueves 15 de diciembre.<\/p>\n<p>La marcha de silencio cont\u00f3 con una nutrida participaci\u00f3n de organizaciones que acompa\u00f1aron a la familia de Cesar en su reclamo y denuncia de la situaci\u00f3n que se vive en la localidad y que expresa una nueva metodolog\u00eda de accionar del narcotr\u00e1fico: los transas desalojan familias de sus casas, para realizar desde ah\u00ed el negocio narco y luego vender la propiedad sum\u00e1ndose tambi\u00e9n al negocio inmobiliario.<\/p>\n<p>Justamente, fue defendiendo a una vecina de su barrio que estaba siendo desalojada, que Cesar perdi\u00f3 la vida por un disparo de uno de los sicarios.<\/p>\n<p>FM Riachuelo estuvo presente acompa\u00f1ando la movilizaci\u00f3n, y registr\u00f3 la intervenci\u00f3n del Padre Eduardo Farrell, \u00fanico orador en la actividad, frente a las puertas de la comisar\u00eda que exhibi\u00f3 un exagerado dispositivo policial frente a una marcha pac\u00edfica.<\/p>\n","protected":false},"excerpt":{"rendered":"<p>[FMR 23\/12\/2016] En la tarde de ayer, organizaciones populares e solidaridad con el Movimiento Popular La Dignidad marcharon desde la UPA de Cuartel Quinto, sobre la ruta 24, hacia la Comisar\u00eda 4ta de Moreno, para exigir justicia por Cesar Mendez, militante de La Dignidad asesinado en la madrugada del jueves 15 de diciembre. La marcha [&hellip;]<\/p>\n","protected":false},"author":4,"featured_media":3475,"comment_status":"open","ping_status":"open","sticky":false,"template":"","format":"standard","meta":{"_monsterinsights_skip_tracking":false,"_monsterinsights_sitenote_active":false,"_monsterinsights_sitenote_note":"","_monsterinsights_sitenote_category":0,"jnews-multi-image_gallery":[],"jnews_single_post":[],"jnews_primary_category":[],"_joinchat":[],"footnotes":""},"categories":[74],"tags":[],"class_list":["post-3474","post","type-post","status-publish","format-standard","has-post-thumbnail","hentry","category-san-cayetano"],"_links":{"self":[{"href":"http:\/\/fmriachuelo.it10.com.ar\/index.php\/wp-json\/wp\/v2\/posts\/3474","targetHints":{"allow":["GET"]}}],"collection":[{"href":"http:\/\/fmriachuelo.it10.com.ar\/index.php\/wp-json\/wp\/v2\/posts"}],"about":[{"href":"http:\/\/fmriachuelo.it10.com.ar\/index.php\/wp-json\/wp\/v2\/types\/post"}],"author":[{"embeddable":true,"href":"http:\/\/fmriachuelo.it10.com.ar\/index.php\/wp-json\/wp\/v2\/users\/4"}],"replies":[{"embeddable":true,"href":"http:\/\/fmriachuelo.it10.com.ar\/index.php\/wp-json\/wp\/v2\/comments?post=3474"}],"version-history":[{"count":0,"href":"http:\/\/fmriachuelo.it10.com.ar\/index.php\/wp-json\/wp\/v2\/posts\/3474\/revisions"}],"wp:featuredmedia":[{"embeddable":true,"href":"http:\/\/fmriachuelo.it10.com.ar\/index.php\/wp-json\/"}],"wp:attachment":[{"href":"http:\/\/fmriachuelo.it10.com.ar\/index.php\/wp-json\/wp\/v2\/media?parent=3474"}],"wp:term":[{"taxonomy":"category","embeddable":true,"href":"http:\/\/fmriachuelo.it10.com.ar\/index.php\/wp-json\/wp\/v2\/categories?post=3474"},{"taxonomy":"post_tag","embeddable":true,"href":"http:\/\/fmriachuelo.it10.com.ar\/index.php\/wp-json\/wp\/v2\/tags?post=3474"}],"curies":[{"name":"wp","href":"https:\/\/api.w.org\/{rel}","templated":true}]}}