{"id":3468,"date":"2016-12-22T01:53:59","date_gmt":"2016-12-22T01:53:59","guid":{"rendered":"http:\/\/fmriachuelo.com.ar\/ljkjklj\/?p=3468"},"modified":"2016-12-22T01:53:59","modified_gmt":"2016-12-22T01:53:59","slug":"caba-coordinacion-de-resistir-y-luchar-un-acto-para-recordar-el-19-y-20","status":"publish","type":"post","link":"http:\/\/fmriachuelo.it10.com.ar\/index.php\/2016\/12\/22\/caba-coordinacion-de-resistir-y-luchar-un-acto-para-recordar-el-19-y-20\/","title":{"rendered":"CABA:   COORDINACI\u00d3N DE \u00abRESISTIR Y LUCHAR\u00bb, UN ACTO PARA RECORDAR EL 19 Y 20"},"content":{"rendered":"<p style=\"text-align: justify\"><strong>La Coordinaci\u00f3n de Resistir y Luchar record\u00f3 con un acto el 19 y 20 y convoc\u00f3 a seguir luchando<\/strong><\/p>\n<p style=\"text-align: justify\">[Resumen Latinoamericano, 21\/12\/16] Numerosos militantes de la Coordinaci\u00f3n \u201cResistir y Luchar\u201d, que re\u00fane a varias organizaciones del campo popular, \u00a0conmemoraron los hechos insurreccionales del 19 y 20 de diciembre de 2001 cuando el pueblo argentino gan\u00f3 las calles y en una semana ech\u00f3 a tres gobiernos, y la represi\u00f3n estatal se cobr\u00f3 la vida de m\u00e1s de una treintena de luchadores.<\/p>\n<p style=\"text-align: justify\">La actividad pol\u00edtica se realiz\u00f3 este pasado martes en el local del Movimiento Emancipador en la Capital, y adem\u00e1s de los integrantes de \u201cResistir y Luchar\u201d cont\u00f3 con la presencia de referentes de organizaciones hermanas como Movimiento Popular Patria Grande, Frente Popular Dar\u00edo Santill\u00e1n, MULCS, Frente Popular Dar\u00edo Santill\u00e1n-Corriente Nacional, Movimiento Popular La Dignidad, Organizaci\u00f3n Pol\u00edtica Hombre Nuevo, Barricada TV, Marcha Patri\u00f3tica, de Colombia, Secretaria de DDHH de ATE, y una delegaci\u00f3n de la Organizaci\u00f3n Internacionalista Vasca \u201cAskapena\u201d.<\/p>\n<p style=\"text-align: justify\">El trovador popular Sergio Lobo enton\u00f3 varias\u00a0 canciones de lucha y memoria y puso en clima a los asistentes para escuchar luego varios discursos de militantes de \u201cResistir y Luchar\u201d.<\/p>\n<p style=\"text-align: justify\">Ausente con aviso, debido a que est\u00e1 convalenciente de una operaci\u00f3n, uno de los puntales de la Coordinaci\u00f3n y referente de la OLP (Organizaciones Libres del Pueblo),\u00a0 el hist\u00f3rico comandante de Montoneros, Roberto Perd\u00eda, hizo llegar su palabra a trav\u00e9s de un mensaje escrito. Dirigiendose a la militancia de Resistir y Luchar, comienza manifestando\u00a0 \u201cla alegr\u00eda y el orgullo por el significado de lo que ustedes est\u00e1n haciendo. Esa felicidad tiene que ver no solo por la confraternidad de este encuentro y los recuerdos que esta fecha nos trae, sino \u2013fundamentalmente- porque nos encuentra preparando las condiciones para el despliegue de nuevas acciones y formas de organizaci\u00f3n en medio de esta situaci\u00f3n tan compleja, como novedosa\u201d.\u00a0<strong><a href=\"http:\/\/www.resumenlatinoamericano.org\/2016\/12\/21\/argentina-la-coordinacion-resistir-y-luchar-recordo-con-un-acto-el-19-y-20-y-convoco-a-seguir-luchando\/\">TEXTO COMPLETO AL FINAL DE LA NOTA<\/a><\/strong><\/p>\n<p style=\"text-align: justify\">En el acto, distintos militantes de \u201cResistir y Luchar\u201d evocaron la patriada del 19 y 20, historiaron todos los avances pero tambi\u00e9n las debilidades y retrocesos ocurridos desde entonces y se encargaron de destacar la necesidad de seguir incrementando la lucha anticapitalista, antiimperialista y anti patriarcal para obtener la definitiva liberaci\u00f3n nacional y social del pueblo argentino. Tanto Lito Borello (de la Organizaci\u00f3n Social y Pol\u00edtica Los Pibes), Carlos Azn\u00e1rez (de Resumen Latinoamericano), Pablo Puebla (de la OLP), Jorge Falcone (militante hist\u00f3rico del nacionalismo revolucionario), Carlos Mart\u00ednez (de la Universidad de los Trabajadores y del gremio de Propaganda M\u00e9dica) y el escritor Mariano Pacheco pusieron el acento en la necesidad de la organizaci\u00f3n, la formaci\u00f3n, el pensamiento cr\u00edtico y sobre todo la lucha en las calles, \u201cconstruyendo poder popular\u201d y organizandose desde el propio combate de los de abajo y a la izquierda. No desecharon la pelea institucional \u201cpara quienes se sientan con voluntad de emprenderla\u201d pero valoraron sustantivamente la necesidad de dar batalla organizativa en barrios, f\u00e1bricas y en los \u00e1mbitos naturales del estudiantado. Se destac\u00f3 tambi\u00e9n el rol organizativo para los trabajadores de la econom\u00eda popular que significa la CTEP y dentro de esa Central, el papel que juega la combativa \u201cCorriente 19 y 20\u201d.<\/p>\n<p style=\"text-align: justify\">Con todos los militantes de pie se realiz\u00f3 un minuto de aplauso de homenaje al trabajador C\u00e9sar M\u00e9ndez, del Movimiento Popular La Dignidad, recientemente asesinado por los sicarios del narcotr\u00e1fico\u00a0 en la localidad de Moreno.<\/p>\n<p style=\"text-align: justify\">Tambi\u00e9n, entre aplausos, se record\u00f3 el legado dejado por los Comandantes Fidel Castro y Hugo Ch\u00e1vez.<\/p>\n<p style=\"text-align: justify\">El cierre del acto estuvo a cargo de \u201cPeluca\u201d y Antonella, dos integrantes destacados de \u201cLa Sim\u00f3n Bol\u00edvar\u201d, la organizaci\u00f3n juvenil de Resistir y Luchar, quienes con una claridad apabullante detallaron las luchas que vienen dando en ese frente fundamental que es el de la juventud que pelea. \u201cPeluca\u201d, que junto con Antonela fueron dos de los grandes motorizadores de las \u00faltimas movilizaciones dadas por los estudiantes secundarios, insisti\u00f3 en que los j\u00f3venes tienen claro por lo que est\u00e1n peleando y que ellos mismos arman sus propias recetas pero a la vez recogen el legado de los revolucionarios y revolucionarias de los a\u00f1os 70 y quienes hicieron el Argentinazo en el 2001.<\/p>\n<p style=\"text-align: justify\">Antonela, destac\u00f3 tambi\u00e9n el papel que vienen jugando en todas las luchas las mujeres del pueblo, y enfatiz\u00f3 en como el sistema patriarcal trata de quitarlas del medio no s\u00f3lo con f\u00f3rmulas de cooptacion y adormecimiento, sino\u00a0 tambi\u00e9n con la violencia. \u201cNos matan por ser mujeres\u201d, se\u00f1al\u00f3 recordando el reciente caso de \u201cdos de nuestras compa\u00f1eras acuchiladas en el barrio de La Boca\u201d o las que mueren por palizas o son secuestradas por las redes de trata.<\/p>\n<p style=\"text-align: justify\">El final del encuentro, marcado por un esp\u00edritu de abierta fraternidad y compromiso, fue una \u201cchoripaneada\u201d brindada por los j\u00f3venes de La Sim\u00f3n Bol\u00edvar y la OLP, y que permiti\u00f3 alargar discusiones y debates sobre el que hacer a corto, mediano y largo plazo.<\/p>\n<p>&nbsp;<\/p>\n","protected":false},"excerpt":{"rendered":"<p>La Coordinaci\u00f3n de Resistir y Luchar record\u00f3 con un acto el 19 y 20 y convoc\u00f3 a seguir luchando [Resumen Latinoamericano, 21\/12\/16] Numerosos militantes de la Coordinaci\u00f3n \u201cResistir y Luchar\u201d, que re\u00fane a varias organizaciones del campo popular, \u00a0conmemoraron los hechos insurreccionales del 19 y 20 de diciembre de 2001 cuando el pueblo argentino gan\u00f3 [&hellip;]<\/p>\n","protected":false},"author":4,"featured_media":3469,"comment_status":"open","ping_status":"open","sticky":false,"template":"","format":"standard","meta":{"_monsterinsights_skip_tracking":false,"_monsterinsights_sitenote_active":false,"_monsterinsights_sitenote_note":"","_monsterinsights_sitenote_category":0,"jnews-multi-image_gallery":[],"jnews_single_post":[],"jnews_primary_category":[],"_joinchat":[],"footnotes":""},"categories":[78,77],"tags":[],"class_list":["post-3468","post","type-post","status-publish","format-standard","has-post-thumbnail","hentry","category-economia-popular","category-soberania"],"_links":{"self":[{"href":"http:\/\/fmriachuelo.it10.com.ar\/index.php\/wp-json\/wp\/v2\/posts\/3468","targetHints":{"allow":["GET"]}}],"collection":[{"href":"http:\/\/fmriachuelo.it10.com.ar\/index.php\/wp-json\/wp\/v2\/posts"}],"about":[{"href":"http:\/\/fmriachuelo.it10.com.ar\/index.php\/wp-json\/wp\/v2\/types\/post"}],"author":[{"embeddable":true,"href":"http:\/\/fmriachuelo.it10.com.ar\/index.php\/wp-json\/wp\/v2\/users\/4"}],"replies":[{"embeddable":true,"href":"http:\/\/fmriachuelo.it10.com.ar\/index.php\/wp-json\/wp\/v2\/comments?post=3468"}],"version-history":[{"count":0,"href":"http:\/\/fmriachuelo.it10.com.ar\/index.php\/wp-json\/wp\/v2\/posts\/3468\/revisions"}],"wp:featuredmedia":[{"embeddable":true,"href":"http:\/\/fmriachuelo.it10.com.ar\/index.php\/wp-json\/"}],"wp:attachment":[{"href":"http:\/\/fmriachuelo.it10.com.ar\/index.php\/wp-json\/wp\/v2\/media?parent=3468"}],"wp:term":[{"taxonomy":"category","embeddable":true,"href":"http:\/\/fmriachuelo.it10.com.ar\/index.php\/wp-json\/wp\/v2\/categories?post=3468"},{"taxonomy":"post_tag","embeddable":true,"href":"http:\/\/fmriachuelo.it10.com.ar\/index.php\/wp-json\/wp\/v2\/tags?post=3468"}],"curies":[{"name":"wp","href":"https:\/\/api.w.org\/{rel}","templated":true}]}}