{"id":3458,"date":"2016-12-19T14:54:44","date_gmt":"2016-12-19T14:54:44","guid":{"rendered":"http:\/\/fmriachuelo.com.ar\/ljkjklj\/?p=3458"},"modified":"2016-12-19T14:54:44","modified_gmt":"2016-12-19T14:54:44","slug":"pequenos-productores-agricolas-se-movilizan-frente-a-la-municipalidad-de-la-plata","status":"publish","type":"post","link":"http:\/\/fmriachuelo.it10.com.ar\/index.php\/2016\/12\/19\/pequenos-productores-agricolas-se-movilizan-frente-a-la-municipalidad-de-la-plata\/","title":{"rendered":"PEQUE\u00d1OS PRODUCTORES AGR\u00cdCOLAS SE MOVILIZAN FRENTE A LA MUNICIPALIDAD DE LA PLATA"},"content":{"rendered":"<p style=\"text-align: justify\">[FMR 19\/12\/16] En el d\u00eda de ayer los peque\u00f1os productores de las agriculturas familiares, nucleados en la Uni\u00f3n de Trabajadores de la Tierra, que producen las verduras que se consume en la ciudad, en los alrededores de La Plata, se movilizaron frente a la Municipalidad de La Plata. Peticionan ser recibidos por el intendente Garro, para exigir una respuesta frente a la ausencia del estado en las prestaciones de seguridad, salud y educaci\u00f3n, que hab\u00edan sido comprometidos por \u00e9l.<\/p>\n<p style=\"text-align: justify\">Escuch\u00e1 a Zulma Cruz de la UTT a continuaci\u00f3n:<\/p>\n<p>Difundimos comunicado<\/p>\n<p style=\"text-align: justify\">Miles de familias quinteras nos movilizamos a la Municipalidad de La Plata y exigimos ser atendidos por el intendente Garro<br \/>\nEste lunes 19 de diciembre, a las 11 hs, miles de familias productoras hort\u00edcolas de la zona nucleados en la Uni\u00f3n de Trabajadores de la Tierra nos movilizamos a la municipalidad de La Plata, y exigimos ser atendidos por el Intendente Julio Garro.<br \/>\nA los pocos d\u00edas que la actual gesti\u00f3n asumi\u00f3 el gobierno, nos reunimos con distintos funcionarios municipa<span class=\"text_exposed_show\">les para transmitirles la cr\u00edtica realidad del sector y exponer nuestras propuestas. Desde aquellos d\u00edas, y durante todo este primer a\u00f1o de gesti\u00f3n, s\u00f3lo hemos recibido maltratos, promesas incumplidas e indiferencia.<br \/>\nVarias veces hemos solicitado formalmente audiencia con el intendente Garro, pero aparentemente el intendente no tiene tiempo para atender a las miles de familias que todos los d\u00edas producimos comida en este municipio. En nuestras zonas no hay presencia del estado&#8230; no hay seguridad, nos roban diariamente , los caminos debemos hacerlos y mantenerlos nosotros mismos, no hay jardines de infantes, la luz el\u00e9ctrica se corta constantemente\u2026 as\u00ed no se puede seguir.<br \/>\nEl municipio de La Plata cuenta con el cord\u00f3n hort\u00edcola m\u00e1s importante del pa\u00eds, pero la intendencia nos da la espalda.<br \/>\nExigimos ser atendidos por el intendente para encontrar juntos soluciones concretas a problemas reales. Estos son:<br \/>\n\u2022 Arreglos de caminos<br \/>\n\u2022 Plan de Seguridad en las zonas rurales<br \/>\n\u2022 Iluminaci\u00f3n y recolecci\u00f3n de basura<br \/>\n\u2022 Pago del subsidio adeudado hace un a\u00f1o (el dinero lo tiene el municipio y no lo entrega a los beneficiarios)<br \/>\n\u2022 Acompa\u00f1amiento en el plan de salud que llevamos adelante sobre prevenci\u00f3n del dengue y dem\u00e1s problem\u00e1ticas en nuestros territorios.<br \/>\n\u2022 Fortalecimiento del comercio local directo del productor al consumidor<br \/>\nEsperamos que el gobierno atienda las necesidades del pueblo. No nos iremos sin respuesta.<br \/>\nUNION DE TRABAJADORES DE LA TIERRA CTEP<br \/>\nContactos:<br \/>\nZulma Cruz 2216315540<br \/>\nNahuel Levaggi 11-3633-7324<\/span><\/p>\n","protected":false},"excerpt":{"rendered":"<p>[FMR 19\/12\/16] En el d\u00eda de ayer los peque\u00f1os productores de las agriculturas familiares, nucleados en la Uni\u00f3n de Trabajadores de la Tierra, que producen las verduras que se consume en la ciudad, en los alrededores de La Plata, se movilizaron frente a la Municipalidad de La Plata. Peticionan ser recibidos por el intendente Garro, [&hellip;]<\/p>\n","protected":false},"author":4,"featured_media":3460,"comment_status":"open","ping_status":"open","sticky":false,"template":"","format":"standard","meta":{"_monsterinsights_skip_tracking":false,"_monsterinsights_sitenote_active":false,"_monsterinsights_sitenote_note":"","_monsterinsights_sitenote_category":0,"jnews-multi-image_gallery":[],"jnews_single_post":[],"jnews_primary_category":[],"_joinchat":[],"footnotes":""},"categories":[76,74,75],"tags":[],"class_list":["post-3458","post","type-post","status-publish","format-standard","has-post-thumbnail","hentry","category-salud-comunitaria","category-san-cayetano","category-trabajo"],"_links":{"self":[{"href":"http:\/\/fmriachuelo.it10.com.ar\/index.php\/wp-json\/wp\/v2\/posts\/3458","targetHints":{"allow":["GET"]}}],"collection":[{"href":"http:\/\/fmriachuelo.it10.com.ar\/index.php\/wp-json\/wp\/v2\/posts"}],"about":[{"href":"http:\/\/fmriachuelo.it10.com.ar\/index.php\/wp-json\/wp\/v2\/types\/post"}],"author":[{"embeddable":true,"href":"http:\/\/fmriachuelo.it10.com.ar\/index.php\/wp-json\/wp\/v2\/users\/4"}],"replies":[{"embeddable":true,"href":"http:\/\/fmriachuelo.it10.com.ar\/index.php\/wp-json\/wp\/v2\/comments?post=3458"}],"version-history":[{"count":0,"href":"http:\/\/fmriachuelo.it10.com.ar\/index.php\/wp-json\/wp\/v2\/posts\/3458\/revisions"}],"wp:featuredmedia":[{"embeddable":true,"href":"http:\/\/fmriachuelo.it10.com.ar\/index.php\/wp-json\/"}],"wp:attachment":[{"href":"http:\/\/fmriachuelo.it10.com.ar\/index.php\/wp-json\/wp\/v2\/media?parent=3458"}],"wp:term":[{"taxonomy":"category","embeddable":true,"href":"http:\/\/fmriachuelo.it10.com.ar\/index.php\/wp-json\/wp\/v2\/categories?post=3458"},{"taxonomy":"post_tag","embeddable":true,"href":"http:\/\/fmriachuelo.it10.com.ar\/index.php\/wp-json\/wp\/v2\/tags?post=3458"}],"curies":[{"name":"wp","href":"https:\/\/api.w.org\/{rel}","templated":true}]}}