{"id":3434,"date":"2016-12-21T00:49:47","date_gmt":"2016-12-21T00:49:47","guid":{"rendered":"http:\/\/fmriachuelo.com.ar\/ljkjklj\/?p=3434"},"modified":"2016-12-21T00:49:47","modified_gmt":"2016-12-21T00:49:47","slug":"mate-debate-en-fm-riachuelo-con-imagenes-de-las-luchas-de-este-ano","status":"publish","type":"post","link":"http:\/\/fmriachuelo.it10.com.ar\/index.php\/2016\/12\/21\/mate-debate-en-fm-riachuelo-con-imagenes-de-las-luchas-de-este-ano\/","title":{"rendered":"MATE DEBATE EN FM RIACHUELO"},"content":{"rendered":"<p style=\"text-align: justify\">COMUNICACI\u00d3N Y ECONOM\u00cdA POPULAR, VOCES DE UN DEBATE NECESARIO<\/p>\n<p style=\"text-align: justify\">[FMR 20\/12\/16] <span style=\"font-family: verdana, sans-serif\">El pasado lunes se realiz\u00f3 en el piso de <strong><span style=\"color: #ff0000\">Fm Riachuelo<\/span><\/strong> el encuentro <strong>\u201cMate Debate, comunicaci\u00f3n y econom\u00eda popular\u201d<\/strong> con presentaci\u00f3n de im\u00e1genes fotogr\u00e1ficas y audiovisuales de este a\u00f1o de resistencia popular contra la gesti\u00f3n del gobierno Cambiemos. Luego se inici\u00f3 el mate debate, con la voz de distintas expresiones de la comunicaci\u00f3n popular, que cotidianamente construyen la unidad en la calle, tambi\u00e9n estuvo la voz del gremio de los trabajadores de prensa Sipreba. Para finalizar cerraron la actividad Lito Borello, de la Mesa Gremial 19 y 20 CTEP, y Esteban \u201cGringo\u201d Castro, secretario general de la CTEP.<\/span><\/p>\n<p style=\"text-align: justify\"><strong><a href=\"http:\/\/fmriachuelo.com.ar\/ljkjklj\/?p=3384&amp;preview=true\">IM\u00c1GENES RESISTIR Y LUCHAR<\/a><\/strong><\/p>\n<p style=\"text-align: justify\"><strong><a href=\"http:\/\/fmriachuelo.com.ar\/ljkjklj\/?p=3414&amp;preview=true\">IM\u00c1GENES RESISTIR Y LUCHAR I<\/a><\/strong><\/p>\n<p style=\"text-align: justify\">A un a\u00f1o del inicio del gobierno de Mauricio Macri, y a 15 a\u00f1os del 19 y 20 de diciembre de 2001, la radio se propuso como actividad de cierre recuperar la memoria de la lucha\u00a0y resistencia de nuestro pueblo, y destacar el protagonismo en la calle que alcanzaron los trabajadores de la econom\u00eda popular en este \u00faltimo a\u00f1o de crisis econ\u00f3mica que impulsaron las medidas del macrismo.\u00a0En la apertura de la actividad, Nadia Martinez, Coordinadora de\u00a0<span style=\"color: #ff0000\"><b>FM Riachuelo<\/b><\/span><span style=\"color: #3d3d3d\"> destac\u00f3 el debate que se vienen dando en el colectivo de la emisora: \u201cnos consideramos trabajadores de la econom\u00eda popular, y tambi\u00e9n estamos convencidos que los medios populares debemos asumir un papel en las luchas que tenemos por delante\u201d.<\/span><\/p>\n<p style=\"text-align: justify\">Las intervenciones coincidieron en se\u00f1alar la unidad que se viene propiciando desde la calle, pero que debe profundizarse para construir alternativas que permitan superar una etapa de crisis planetaria.\u00a0Los que hicieron uso de la palabra destacaron la profunda agresi\u00f3n que viene sufriendo nuestro Pueblo y los luchadores populares; recordando a los ca\u00eddos en las jornadas del 19 y 20 de diciembre de 2001, y tambi\u00e9n a los pibes que sufren la persecuci\u00f3n en las villas y barrios populares. Cesar M\u00e9ndez, militante del Movimiento Popular La Dignidad, asesinado en Moreno en la madrugada del viernes pasado, tambi\u00e9n fue recordado convocando a movilizar para exigir justicia por este caso.<\/p>\n<p style=\"text-align: justify\"><img loading=\"lazy\" decoding=\"async\" class=\"size-large wp-image-3436 aligncenter\" src=\"http:\/\/fmriachuelo.com.ar\/ljkjklj\/wp-content\/uploads\/2016\/12\/WhatsApp-Image-2016-12-19-at-20.19.15-1024x768.jpeg\" alt=\"whatsapp-image-2016-12-19-at-20-19-15\" width=\"640\" height=\"480\" \/><\/p>\n<p style=\"text-align: justify\">Con una numerosa asistencia se dio inicio a la actividad del cierre de a\u00f1o de la radio, con la presentaci\u00f3n de una galer\u00eda fotogr\u00e1fica con\u00a0im\u00e1genes de este\u00a0a\u00f1o de lucha, \u00a0que se inici\u00f3 el <a href=\"http:\/\/fmriachuelo.com.ar\/ljkjklj\/?p=3384&amp;preview=true\">22 de noviembre de 2015<\/a>, y un material audiovisual realizado por el equipo de producci\u00f3n audiovisual de la <strong><span style=\"color: #ff0000\">FM Riachuelo<\/span><\/strong>.\u00a0<span style=\"color: #3d3d3d\">Al finalizar Nadia Martinez con sus palabras dio\u00a0inicio a la actividad, donde\u00a0<\/span>la palabra circul\u00f3 entre la diversidad de expresiones que se hicieron presentes en la jornada.<\/p>\n<p style=\"text-align: justify\"><img loading=\"lazy\" decoding=\"async\" class=\"alignnone wp-image-3437\" src=\"http:\/\/fmriachuelo.com.ar\/ljkjklj\/wp-content\/uploads\/2016\/12\/WhatsApp-Image-2016-12-19-at-20.27.50-1024x768.jpeg\" alt=\"whatsapp-image-2016-12-19-at-20-27-50\" width=\"300\" height=\"225\" \/><img loading=\"lazy\" decoding=\"async\" class=\"alignnone wp-image-3438\" src=\"http:\/\/fmriachuelo.com.ar\/ljkjklj\/wp-content\/uploads\/2016\/12\/WhatsApp-Image-2016-12-19-at-20.40.38-1024x768.jpeg\" alt=\"whatsapp-image-2016-12-19-at-20-40-38\" width=\"300\" height=\"225\" \/><\/p>\n<p style=\"text-align: justify\">Alejandra Diaz, comunicadora popular de\u00a0<strong>La Poderosa <\/strong>y vecina del barrio Zavaleta,\u00a0di\u00f3 inicio a la ronda de di\u00e1logo relatando la experiencia del medio como \u00fanica posibilidad de contar las injusticias que cotidianamente se vive en los barrios.<\/p>\n<p style=\"text-align: justify\"><img loading=\"lazy\" decoding=\"async\" class=\"alignnone wp-image-3439\" src=\"http:\/\/fmriachuelo.com.ar\/ljkjklj\/wp-content\/uploads\/2016\/12\/WhatsApp-Image-2016-12-19-at-20.32.11-1024x768.jpeg\" alt=\"whatsapp-image-2016-12-19-at-20-32-11\" width=\"300\" height=\"225\" \/><img loading=\"lazy\" decoding=\"async\" class=\"alignnone wp-image-3440\" src=\"http:\/\/fmriachuelo.com.ar\/ljkjklj\/wp-content\/uploads\/2016\/12\/WhatsApp-Image-2016-12-19-at-20.57.14-1024x768.jpeg\" alt=\"whatsapp-image-2016-12-19-at-20-57-14\" width=\"300\" height=\"225\" \/><\/p>\n<p style=\"text-align: justify\">Por su parte, Tom\u00e1s Eliaschev, de <strong>SIPREBA<\/strong>, relat\u00f3 la necesidad de constituci\u00f3n de un nuevo sindicato de prensa como una herramienta para luchar por los derechos de los trabajadores de prensa, en donde incluy\u00f3 a todos los trabajadores ligados a la actividad \u00abdesde maestranza hasta los periodistas\u00bb. Al mismo tiempo, se\u00f1al\u00f3 la importancia de que los trabajadores de prensa \u00abdebatan la comunicaci\u00f3n\u00bb y busquen tambi\u00e9n alianzas con los compa\u00f1eros de los medios populares\u00a0y destac\u00f3 que son quienes hacen posible que se conozcan las luchas de los trabajadores de los medios.<\/p>\n<p style=\"text-align: justify\">Julian Bokser, de\u00a0<strong>Fm La Caterva <\/strong>y Militante del <strong>Movimiento Popular la Dignidad (MPLD)<\/strong>, destac\u00f3 la necesidad de la unidad y de los medios populares que permitan contar lo que pasa en los barrios, como en Moreno donde se ejecut\u00f3 a un militante del MPLD, sin que otros medios relaten que la inseguridad tambi\u00e9n est\u00e1 presente en los barrios, cuando las fuerzas que representan al estado permiten la disputa territorial de las bandas narcos que asesinan con total impunidad.<\/p>\n<p style=\"text-align: justify\"><img loading=\"lazy\" decoding=\"async\" class=\"alignleft wp-image-3441 size-medium\" src=\"http:\/\/fmriachuelo.com.ar\/ljkjklj\/wp-content\/uploads\/2016\/12\/WhatsApp-Image-2016-12-19-at-21.03.05-225x300.jpeg\" alt=\"whatsapp-image-2016-12-19-at-21-03-05\" width=\"225\" height=\"300\" \/>Tambi\u00e9n hizo uso de la palabra Carlos Aznares, hist\u00f3rico militante de la comunicaci\u00f3n popular y director\u00a0<strong>Resumen<br \/>\nLatinoamericano.<\/strong>\u00a0Destac\u00f3 la necesidad de unidad y articulaci\u00f3n para ampliar la red de medios frente a una coyuntura que amenaza con profundizar las situaciones de injusticia. Tambi\u00e9n se\u00f1al\u00f3 le necesidad de una autocr\u00edtica para revisar lo ocurrido con la Ley de Servicios de Comunicaci\u00f3n Audiovisual que dej\u00f3 a los medios populares en una situaci\u00f3n muy fr\u00e1gil luego de la gesti\u00f3n del AFSCA.<\/p>\n<p style=\"text-align: justify\">Por su parte, Lucas Molinari, de\u00a0<strong>Radio Gr\u00e1fica<\/strong>, comparti\u00f3 una reflexi\u00f3n hist\u00f3rica rescatando la tradici\u00f3n de la comunicaci\u00f3n popular y su compromiso con las luchas de nuestro Pueblo.<\/p>\n<p style=\"text-align: justify\">Como cierre de la actividad tomaron la palabra Lito Borello y Esteban \u00abGringo\u00bb Castro, reubicando el eje de la discusi\u00f3n en el rol de la comunicaci\u00f3n hacia las peleas que tienen por delante los trabajadores de la econom\u00eda popular.<\/p>\n<p style=\"text-align: justify\">Lito Borello, dedic\u00f3 sus palabras a una caracterizaci\u00f3n del macrismo: \u00abpara nuestro Pueblo fue muy sencillo definir al macrismo, &#8216;Macri. Basura. Vos sos la dictadura\u00b4. Igual que hicieron con los desaparecidos, quisieron invisibilizarlos, hoy quieren invisibilizar las luchas de un Pueblo que claramente est\u00e1 de pie\u00bb.<\/p>\n<p style=\"text-align: justify\"><img loading=\"lazy\" decoding=\"async\" class=\"size-large wp-image-3449 aligncenter\" src=\"http:\/\/fmriachuelo.com.ar\/ljkjklj\/wp-content\/uploads\/2016\/12\/gringo-1024x768.jpg\" alt=\"gringo\" width=\"640\" height=\"480\" \/><\/p>\n<p style=\"text-align: justify\">En el cierre, antes de convocar a un brindis por la unidad, el Gringo Castro, plante\u00f3 la necesidad de discutir la masividad de los medios: \u00abyo aprend\u00ed de comunicaci\u00f3n de tanto hablar con los medios comunitarios, nos llamaban despu\u00e9s de cada pelea. Todo lo que hoy se conoce de la CTEP es gracias a las radios comunitarias. Algunos compa\u00f1eros dicen que hay que ir a los medios dominantes, pero ah\u00ed no nos dan tiempo para hablar y son momentos donde necesitamos profundizar y extender el debate que la econom\u00eda popular viene generando\u00bb<\/p>\n<p style=\"text-align: justify\">La actividad, que finaliz\u00f3 con un brindis por la unidad del campo popular, fue adem\u00e1s compa\u00f1ada por un grande y diverso arco de compa\u00f1eros y organizaciones:\u00a0La Sim\u00f3n Bolivar, Askapena (Pa\u00eds Vasco), MP La Dignidad, Fm La Caterva, CTEP, Radio Gr\u00e1fica, Sipreba, compa\u00f1eros de la Secretar\u00eda de Extensi\u00f3n y estudiantes de UNDAV, Am\u00e9rica Profunda, Resistir y Luchar, Boca es Pueblo, La Poderosa, compa\u00f1eros del CIDAC de Barracas, la OSyP Los Pibes, Frente de Desocupados Eva Per\u00f3n, Resumen Latinoamericano, Espacio Pacheco, Casa Popular El Patio, COVILPI, Paseo de la Econom\u00eda Popular Mart\u00edn \u00abOso\u00bb Cisneros, El Grito del Sur, Asamblea del Parque Lezama, compa\u00f1eros de los programas Espantarrejas, Conventilleras del Riachuelo, Culturas desde El Enfoque, y Planeta Escoria, entre otros.<\/p>\n","protected":false},"excerpt":{"rendered":"<p>COMUNICACI\u00d3N Y ECONOM\u00cdA POPULAR, VOCES DE UN DEBATE NECESARIO [FMR 20\/12\/16] El pasado lunes se realiz\u00f3 en el piso de Fm Riachuelo el encuentro \u201cMate Debate, comunicaci\u00f3n y econom\u00eda popular\u201d con presentaci\u00f3n de im\u00e1genes fotogr\u00e1ficas y audiovisuales de este a\u00f1o de resistencia popular contra la gesti\u00f3n del gobierno Cambiemos. Luego se inici\u00f3 el mate debate, [&hellip;]<\/p>\n","protected":false},"author":4,"featured_media":3448,"comment_status":"open","ping_status":"open","sticky":false,"template":"","format":"standard","meta":{"_monsterinsights_skip_tracking":false,"_monsterinsights_sitenote_active":false,"_monsterinsights_sitenote_note":"","_monsterinsights_sitenote_category":0,"jnews-multi-image_gallery":[],"jnews_single_post":[],"jnews_primary_category":[],"_joinchat":[],"footnotes":""},"categories":[78,79,77],"tags":[],"class_list":["post-3434","post","type-post","status-publish","format-standard","has-post-thumbnail","hentry","category-economia-popular","category-nadie-se-salva-solo","category-soberania"],"_links":{"self":[{"href":"http:\/\/fmriachuelo.it10.com.ar\/index.php\/wp-json\/wp\/v2\/posts\/3434","targetHints":{"allow":["GET"]}}],"collection":[{"href":"http:\/\/fmriachuelo.it10.com.ar\/index.php\/wp-json\/wp\/v2\/posts"}],"about":[{"href":"http:\/\/fmriachuelo.it10.com.ar\/index.php\/wp-json\/wp\/v2\/types\/post"}],"author":[{"embeddable":true,"href":"http:\/\/fmriachuelo.it10.com.ar\/index.php\/wp-json\/wp\/v2\/users\/4"}],"replies":[{"embeddable":true,"href":"http:\/\/fmriachuelo.it10.com.ar\/index.php\/wp-json\/wp\/v2\/comments?post=3434"}],"version-history":[{"count":0,"href":"http:\/\/fmriachuelo.it10.com.ar\/index.php\/wp-json\/wp\/v2\/posts\/3434\/revisions"}],"wp:featuredmedia":[{"embeddable":true,"href":"http:\/\/fmriachuelo.it10.com.ar\/index.php\/wp-json\/"}],"wp:attachment":[{"href":"http:\/\/fmriachuelo.it10.com.ar\/index.php\/wp-json\/wp\/v2\/media?parent=3434"}],"wp:term":[{"taxonomy":"category","embeddable":true,"href":"http:\/\/fmriachuelo.it10.com.ar\/index.php\/wp-json\/wp\/v2\/categories?post=3434"},{"taxonomy":"post_tag","embeddable":true,"href":"http:\/\/fmriachuelo.it10.com.ar\/index.php\/wp-json\/wp\/v2\/tags?post=3434"}],"curies":[{"name":"wp","href":"https:\/\/api.w.org\/{rel}","templated":true}]}}