{"id":3377,"date":"2016-12-18T20:39:39","date_gmt":"2016-12-18T20:39:39","guid":{"rendered":"http:\/\/fmriachuelo.com.ar\/ljkjklj\/?p=3377"},"modified":"2016-12-18T20:39:39","modified_gmt":"2016-12-18T20:39:39","slug":"mate-debate-comunicacion-y-economia-popular","status":"publish","type":"post","link":"http:\/\/fmriachuelo.it10.com.ar\/index.php\/2016\/12\/18\/mate-debate-comunicacion-y-economia-popular\/","title":{"rendered":"FM RIACHUELO INVITA A: MATE DEBATE, COMUNICACI\u00d3N Y ECONOM\u00cdA POPULAR"},"content":{"rendered":"<p style=\"text-align: justify\">[FMR 18\/12\/16] A un a\u00f1o de la gesti\u00f3n de gobierno macrista, a 15 a\u00f1os del Argentinazo del 19 y 20 de diciembre de 2001, invitamos al <strong><span style=\"color: #ff0000\">Mate Debate, Comunicaci\u00f3n y Econom\u00eda Popular<\/span><\/strong>\u00a0con presentaci\u00f3n de im\u00e1genes fotogr\u00e1ficas y audiovisuales del a\u00f1o de lucha colectiva.<\/p>\n<p style=\"text-align: justify\">Lunes 19 de diciembre a las 19 hs. en Suarez 421. Para cerrar este a\u00f1o con la presencia de comunicadores, militantes y oyentes, las verdaderas y leg\u00edtimas voces de la comunicaci\u00f3n popular.<\/p>\n","protected":false},"excerpt":{"rendered":"<p>[FMR 18\/12\/16] A un a\u00f1o de la gesti\u00f3n de gobierno macrista, a 15 a\u00f1os del Argentinazo del 19 y 20 de diciembre de 2001, invitamos al Mate Debate, Comunicaci\u00f3n y Econom\u00eda Popular\u00a0con presentaci\u00f3n de im\u00e1genes fotogr\u00e1ficas y audiovisuales del a\u00f1o de lucha colectiva. Lunes 19 de diciembre a las 19 hs. en Suarez 421. Para [&hellip;]<\/p>\n","protected":false},"author":4,"featured_media":3378,"comment_status":"open","ping_status":"open","sticky":false,"template":"","format":"standard","meta":{"_monsterinsights_skip_tracking":false,"_monsterinsights_sitenote_active":false,"_monsterinsights_sitenote_note":"","_monsterinsights_sitenote_category":0,"jnews-multi-image_gallery":[],"jnews_single_post":[],"jnews_primary_category":[],"_joinchat":[],"footnotes":""},"categories":[78,76,77,75],"tags":[],"class_list":["post-3377","post","type-post","status-publish","format-standard","has-post-thumbnail","hentry","category-economia-popular","category-salud-comunitaria","category-soberania","category-trabajo"],"_links":{"self":[{"href":"http:\/\/fmriachuelo.it10.com.ar\/index.php\/wp-json\/wp\/v2\/posts\/3377","targetHints":{"allow":["GET"]}}],"collection":[{"href":"http:\/\/fmriachuelo.it10.com.ar\/index.php\/wp-json\/wp\/v2\/posts"}],"about":[{"href":"http:\/\/fmriachuelo.it10.com.ar\/index.php\/wp-json\/wp\/v2\/types\/post"}],"author":[{"embeddable":true,"href":"http:\/\/fmriachuelo.it10.com.ar\/index.php\/wp-json\/wp\/v2\/users\/4"}],"replies":[{"embeddable":true,"href":"http:\/\/fmriachuelo.it10.com.ar\/index.php\/wp-json\/wp\/v2\/comments?post=3377"}],"version-history":[{"count":0,"href":"http:\/\/fmriachuelo.it10.com.ar\/index.php\/wp-json\/wp\/v2\/posts\/3377\/revisions"}],"wp:featuredmedia":[{"embeddable":true,"href":"http:\/\/fmriachuelo.it10.com.ar\/index.php\/wp-json\/"}],"wp:attachment":[{"href":"http:\/\/fmriachuelo.it10.com.ar\/index.php\/wp-json\/wp\/v2\/media?parent=3377"}],"wp:term":[{"taxonomy":"category","embeddable":true,"href":"http:\/\/fmriachuelo.it10.com.ar\/index.php\/wp-json\/wp\/v2\/categories?post=3377"},{"taxonomy":"post_tag","embeddable":true,"href":"http:\/\/fmriachuelo.it10.com.ar\/index.php\/wp-json\/wp\/v2\/tags?post=3377"}],"curies":[{"name":"wp","href":"https:\/\/api.w.org\/{rel}","templated":true}]}}