{"id":3374,"date":"2016-12-16T20:13:43","date_gmt":"2016-12-16T20:13:43","guid":{"rendered":"http:\/\/fmriachuelo.com.ar\/ljkjklj\/?p=3374"},"modified":"2016-12-16T20:13:43","modified_gmt":"2016-12-16T20:13:43","slug":"medios-comunitarios-logran-que-enacom-comienza-a-regularizar-trasmision","status":"publish","type":"post","link":"http:\/\/fmriachuelo.it10.com.ar\/index.php\/2016\/12\/16\/medios-comunitarios-logran-que-enacom-comienza-a-regularizar-trasmision\/","title":{"rendered":"MEDIOS COMUNITARIOS LOGRAN QUE ENACOM COMIENZA A REGULARIZAR TRASMISI\u00d3N"},"content":{"rendered":"<p style=\"text-align: justify\">[FMR 16\/12\/16]\u00a0\u00a0Los medios de TV comunitarios: \u00a0<em>Barricada TV, Urbana TeVe, Pares TV y Comarca Si,\u00a0<\/em> fueron reasignados en el canal 32 al tiempo que \u00a0se suspende la reorganizaci\u00f3n de la grilla de TDA. \u00a0La medida dispuesta por el ENACOM se alcanza luego que los medios comunitarios en su conjunto se manifestaran en numerosas ocasiones en demanda que se cumplan las disposiciones vigentes. \u00a0Al mismo tiempo a\u00fan quedan pendiente que el ENACOM cumpla con los compromisos contra\u00eddos, en el pago de los FOMECAS,\u00a0con\u00a0los medios populares, \u00a0que sufren la asfixia de la falta de los recursos que leg\u00edtimamente les corresponde.<\/p>\n<p style=\"text-align: justify\">Escuch\u00e1 la entrevista con Luciana de Barricada TV:<\/p>\n<p style=\"text-align: justify\">Difundimos comunicado de la Coordinadora\u00a0Nacional de Televisoras Alternativas:<\/p>\n<p style=\"text-align: justify\">Cuatro canales comunitarios comenzar\u00e1n a transmitir en el 32<\/p>\n<div class=\"_2cuy _3dgx _2vxa\" style=\"text-align: justify\">Los canales comunitarios que ganaron licencias en televisi\u00f3n digital abierta y no pod\u00edan transmitir por la interferencia de Canal 13\/Artear fueron reasignados hoy a un nuevo canal digital. La decisi\u00f3n del Ente Nacional de Comunicaciones (ENACOM) llega un a\u00f1o despu\u00e9s del concurso p\u00fablico que, por disposici\u00f3n de la ley de Servicios de Comunicaci\u00f3n Audiovisual, adjudic\u00f3 frecuencias a televisoras sin fines de lucro, en un hecho sin precedentes para el mapa de los medios en el pa\u00eds.<\/div>\n<div class=\"_2cuy _3dgx _2vxa\" style=\"text-align: justify\">Se trata de los canales Barricada TV y Urbana TeV\u00e9, ambos ubicados en la Ciudad Aut\u00f3noma de Buenos Aires, y de los bonaerenses Pares TV de Luj\u00e1n y Comarca Si, de Florida. Todas estas emisoras ser\u00e1n reubicadas en el canal digital 32, aunque las locaciones que salieron a concurso en mayo de 2015, fueron la 33 y la 19. Barricada y Pares, en su car\u00e1cter de licenciatarios operadores, son los responsables de multiplexar la se\u00f1al. La primera deber\u00e1 trasladar con sus equipos a las otras dos emisoras.<\/div>\n<div class=\"_2cuy _3dgx _2vxa\" style=\"text-align: justify\">Enacom confirm\u00f3 la decisi\u00f3n a los representantes de los canales este mediod\u00eda, al t\u00e9rmino de la reuni\u00f3n de directorio de ese organismo. En un encuentro con Miguel De Godoy, Silvana Giudici y Agust\u00edn Garz\u00f3n, informaron que la resoluci\u00f3n que se publicar\u00e1 en el bolet\u00edn oficial en los pr\u00f3ximos d\u00edas ubicar\u00e1 en la frecuencia 32 de la TDA a las televisoras de baja potencia.<\/div>\n<div class=\"_2cuy _3dgx _2vxa\" style=\"text-align: justify\">La medida resuelve en lo inmediato las interferencias generadas por Canal 13, del grupo Clar\u00edn, sobre las televisoras sin fines de lucro ubicadas en la CABA, pero al mismo tiempo suspende la reorganizaci\u00f3n de la grilla de la TDA que obligaba a esa emisora, entre otras, a mudarse de canal una vez que los concursos se hubieran sustanciado. Esto significa que las se\u00f1ales \u00abespejo\u00bb de los canales comerciales consolidan su posici\u00f3n y siguen emitiendo en las frecuencias utilizadas en forma de prueba, tal como demandaba la Asociaci\u00f3n de Teledifusoras Argentinas (ATA).<\/div>\n<div class=\"_2cuy _3dgx _2vxa\" style=\"text-align: justify\">Los canales autogestionados ven\u00edan denunciando las demoras en la habilitaci\u00f3n de sus plantas transmisoras y, en el caso de Barricada y Urbana, la interferencia total que imped\u00eda que estas propuestas se encontraran con sus audiencias, afectando el derecho a la libertad de expresi\u00f3n de los emisores y sus p\u00fablicos. En conjunto con las organizaciones del sector nucleadas en InterRedes se realizaron tres importantes concentraciones frente a las puertas del Ente, adem\u00e1s de las intervenciones legales e institucionales y una campa\u00f1a de visiblizaci\u00f3n del tema que hac\u00eda foco en la desigualdad del trato hacia los medios no lucrativos en favor del mercado.<\/div>\n<div class=\"_2cuy _3dgx _2vxa\" style=\"text-align: justify\">La resoluci\u00f3n significa un logro obtenido por el conjunto de medios comunitarios, sobre todo si se tiene en cuenta el retroceso en materia de derecho a la comunicaci\u00f3n evidenciado desde la asunci\u00f3n de la alianza Cambiemos, las demoras en el pago de la deuda que el organismo mantiene con el sector por la excesiva lentitud en el pago de los fondos de fomento concursables FOMECA y la suspensi\u00f3n de algunos de los concursos convocados en 2015, lo cual dificulta la situaci\u00f3n de canales como Suraj\u00f3 TV (Mar de Aj\u00f3) o Giramundo TV (Mendoza).<\/div>\n<div class=\"_2cuy _3dgx _2vxa\" style=\"text-align: justify\">En un contexto regresivo para todas las \u00e1reas que sufren la clase trabajadora y el pueblo argentino, sus medios no son la excepci\u00f3n: como David contra Goliat, lo que se ha logrado -ni m\u00e1s ni menos- es el respeto de un derecho adquirido.<\/div>\n<div class=\"_2cuy _3dgx _2vxa\" style=\"text-align: justify\">Desde CONTA, la Coordinadora Nacional de Televisoras Alternativas, seguimos movilizados para garantizar que la readjudicaci\u00f3n acate los t\u00e9rminos de las licencias obtenidas por los canales y no les genere mayores costos que los ya realizados, y para que los concursos abiertos a lo largo de 2015 se lleven a cabo respetando la reserva del 33 por ciento para los prestadores sin fines de lucro, como establece la ley 26.522 en art\u00edculos vigentes, en lugar de privilegiar el espectro para los negocios de las telecomunicaciones.<\/div>\n<div class=\"_2cuy _3dgx _2vxa\" style=\"text-align: justify\">Por nuevos concursos, por la legalidad para los canales y las radios comunitarias y contra la concentraci\u00f3n de la comunicaci\u00f3n. Por la habilitaci\u00f3n definitiva y sin demoras de los canales con licencia; por la adjudicaci\u00f3n de las emisoras que ya han presentado sus carpetas de antecedentes y por la apertura de convocatorias que respeten la reserva para el sector sin fines de lucro. Por la democratizaci\u00f3n de la comunicaci\u00f3n: ni un paso atr\u00e1s.<\/div>\n<div class=\"_2cuy _3dgx _2vxa\" style=\"text-align: justify\">CONTA<\/div>\n<div class=\"_2cuy _3dgx _2vxa\" style=\"text-align: justify\">Coordinadora Nacional de Televisoras Alternativas<\/div>\n<div class=\"_2cuy _3dgx _2vxa\" style=\"text-align: justify\">Integrante de INTERREDES<\/div>\n<div class=\"_2cuy _3dgx _2vxa\" style=\"text-align: justify\">Pares TV &#8211; Barricada TV &#8211; Urbana Tev\u00e9 &#8211; Suraj\u00f3 TV &#8211; Giramundo TV<\/div>\n<div class=\"_2cuy _3dgx _2vxa\" style=\"text-align: justify\">Contactos<\/div>\n<div class=\"_2cuy _3dgx _2vxa\" style=\"text-align: justify\">Barricada TV: 15 5 965 5317<\/div>\n<div class=\"_2cuy _3dgx _2vxa\" style=\"text-align: justify\">Urbana TV: 15-4579-6566<\/div>\n<div class=\"_2cuy _3dgx _2vxa\" style=\"text-align: justify\">Pares TV: (02323) 15-536201<\/div>\n<p>&nbsp;<\/p>\n","protected":false},"excerpt":{"rendered":"<p>[FMR 16\/12\/16]\u00a0\u00a0Los medios de TV comunitarios: \u00a0Barricada TV, Urbana TeVe, Pares TV y Comarca Si,\u00a0 fueron reasignados en el canal 32 al tiempo que \u00a0se suspende la reorganizaci\u00f3n de la grilla de TDA. \u00a0La medida dispuesta por el ENACOM se alcanza luego que los medios comunitarios en su conjunto se manifestaran en numerosas ocasiones en [&hellip;]<\/p>\n","protected":false},"author":4,"featured_media":3375,"comment_status":"open","ping_status":"open","sticky":false,"template":"","format":"standard","meta":{"_monsterinsights_skip_tracking":false,"_monsterinsights_sitenote_active":false,"_monsterinsights_sitenote_note":"","_monsterinsights_sitenote_category":0,"jnews-multi-image_gallery":[],"jnews_single_post":[],"jnews_primary_category":[],"_joinchat":[],"footnotes":""},"categories":[78,77],"tags":[],"class_list":["post-3374","post","type-post","status-publish","format-standard","has-post-thumbnail","hentry","category-economia-popular","category-soberania"],"_links":{"self":[{"href":"http:\/\/fmriachuelo.it10.com.ar\/index.php\/wp-json\/wp\/v2\/posts\/3374","targetHints":{"allow":["GET"]}}],"collection":[{"href":"http:\/\/fmriachuelo.it10.com.ar\/index.php\/wp-json\/wp\/v2\/posts"}],"about":[{"href":"http:\/\/fmriachuelo.it10.com.ar\/index.php\/wp-json\/wp\/v2\/types\/post"}],"author":[{"embeddable":true,"href":"http:\/\/fmriachuelo.it10.com.ar\/index.php\/wp-json\/wp\/v2\/users\/4"}],"replies":[{"embeddable":true,"href":"http:\/\/fmriachuelo.it10.com.ar\/index.php\/wp-json\/wp\/v2\/comments?post=3374"}],"version-history":[{"count":0,"href":"http:\/\/fmriachuelo.it10.com.ar\/index.php\/wp-json\/wp\/v2\/posts\/3374\/revisions"}],"wp:featuredmedia":[{"embeddable":true,"href":"http:\/\/fmriachuelo.it10.com.ar\/index.php\/wp-json\/"}],"wp:attachment":[{"href":"http:\/\/fmriachuelo.it10.com.ar\/index.php\/wp-json\/wp\/v2\/media?parent=3374"}],"wp:term":[{"taxonomy":"category","embeddable":true,"href":"http:\/\/fmriachuelo.it10.com.ar\/index.php\/wp-json\/wp\/v2\/categories?post=3374"},{"taxonomy":"post_tag","embeddable":true,"href":"http:\/\/fmriachuelo.it10.com.ar\/index.php\/wp-json\/wp\/v2\/tags?post=3374"}],"curies":[{"name":"wp","href":"https:\/\/api.w.org\/{rel}","templated":true}]}}