{"id":3369,"date":"2016-12-16T03:17:58","date_gmt":"2016-12-16T03:17:58","guid":{"rendered":"http:\/\/fmriachuelo.com.ar\/ljkjklj\/?p=3369"},"modified":"2016-12-16T03:17:58","modified_gmt":"2016-12-16T03:17:58","slug":"justicia-por-cesar-mendez-otro-militante-muerto-en-democracia","status":"publish","type":"post","link":"http:\/\/fmriachuelo.it10.com.ar\/index.php\/2016\/12\/16\/justicia-por-cesar-mendez-otro-militante-muerto-en-democracia\/","title":{"rendered":"JUSTICIA POR C\u00c9SAR M\u00c9NDEZ, OTRO MILITANTE MUERTO EN DEMOCRACIA"},"content":{"rendered":"<p style=\"text-align: justify\">JUSTICIA POR C\u00c9SAR M\u00c9NDEZ<\/p>\n<p style=\"text-align: justify\">Nuestra lucha es por la vida y el estado responde con muerte y destrucci\u00f3n.<\/p>\n<p style=\"text-align: justify\">Las organizaciones, sindicatos, partidos, movimientos y referentes abajo firmantes exigimos a Rogelio Frigerio, Ministro del Interior, Obras P\u00fablicas y Vivienda del actual gobierno del presidente Mauricio Macri, que reciba de forma inmediata a la familia y los y las representantes de la comunidad del barrio que tanto defendi\u00f3 Cesar Mendez, militante del Movimiento Popular La <span class=\"text_exposed_show\">Dignidad, asesinado el 15\/12\/16 de forma cobarde por narcos de la zona que buscan apropiarse de los barrios populares.<br \/>\nHacemos responsable al Estado como principal fuente de todo tipo de violencia, que se materializa en sus instituciones y se vuelca en los barrios de diferentes modos: la falta de pol\u00edticas educativas, el no acceso a la salud, las p\u00e9simas condiciones de vivienda y las dificultades de conseguir trabajo por mencionar solo algunas de las consecuencias de las pol\u00edticas de saqueo, explotaci\u00f3n y muerte de la actual gesti\u00f3n de gobierno.<br \/>\nEn este caso, nuestro compa\u00f1ero fue v\u00edctima de las perversas relaciones de poder que se han establecido en nuestros territorios en los \u00faltimos a\u00f1os y que configuran una nueva geometr\u00eda en la cual la represi\u00f3n se acrecienta de la mano de patotas que se crean para reproducir la dominaci\u00f3n y la violencia capitalista.<br \/>\nCesar Mendez era uno de los nuestros, un militante incansable que todos los d\u00edas luchaba y se organizaba para cambiar la realidad de sus barrios y generar un lugar mejor para nuestros pibes y pibas.<\/span><\/p>\n<div class=\"text_exposed_show\">\n<p style=\"text-align: justify\">Movimiento Popular La Dignidad \/ Corriente Villera Independiente \/ Patria Grande \/ Movimiento de Trabajadores Excluidos \/ Movimiento Evita \/ OSYP Los Pibes \/ Peronismo Militante \/ Uni\u00f3n de Trabajadores de la Tierra \/ Resistir y Luchar<\/p>\n<p style=\"text-align: justify\">Adhesiones a mpladignidad@gmail.com<\/p>\n<\/div>\n","protected":false},"excerpt":{"rendered":"<p>JUSTICIA POR C\u00c9SAR M\u00c9NDEZ Nuestra lucha es por la vida y el estado responde con muerte y destrucci\u00f3n. Las organizaciones, sindicatos, partidos, movimientos y referentes abajo firmantes exigimos a Rogelio Frigerio, Ministro del Interior, Obras P\u00fablicas y Vivienda del actual gobierno del presidente Mauricio Macri, que reciba de forma inmediata a la familia y los [&hellip;]<\/p>\n","protected":false},"author":4,"featured_media":3370,"comment_status":"open","ping_status":"open","sticky":false,"template":"","format":"standard","meta":{"_monsterinsights_skip_tracking":false,"_monsterinsights_sitenote_active":false,"_monsterinsights_sitenote_note":"","_monsterinsights_sitenote_category":0,"jnews-multi-image_gallery":[],"jnews_single_post":[],"jnews_primary_category":[],"_joinchat":[],"footnotes":""},"categories":[75],"tags":[],"class_list":["post-3369","post","type-post","status-publish","format-standard","has-post-thumbnail","hentry","category-trabajo"],"_links":{"self":[{"href":"http:\/\/fmriachuelo.it10.com.ar\/index.php\/wp-json\/wp\/v2\/posts\/3369","targetHints":{"allow":["GET"]}}],"collection":[{"href":"http:\/\/fmriachuelo.it10.com.ar\/index.php\/wp-json\/wp\/v2\/posts"}],"about":[{"href":"http:\/\/fmriachuelo.it10.com.ar\/index.php\/wp-json\/wp\/v2\/types\/post"}],"author":[{"embeddable":true,"href":"http:\/\/fmriachuelo.it10.com.ar\/index.php\/wp-json\/wp\/v2\/users\/4"}],"replies":[{"embeddable":true,"href":"http:\/\/fmriachuelo.it10.com.ar\/index.php\/wp-json\/wp\/v2\/comments?post=3369"}],"version-history":[{"count":0,"href":"http:\/\/fmriachuelo.it10.com.ar\/index.php\/wp-json\/wp\/v2\/posts\/3369\/revisions"}],"wp:featuredmedia":[{"embeddable":true,"href":"http:\/\/fmriachuelo.it10.com.ar\/index.php\/wp-json\/"}],"wp:attachment":[{"href":"http:\/\/fmriachuelo.it10.com.ar\/index.php\/wp-json\/wp\/v2\/media?parent=3369"}],"wp:term":[{"taxonomy":"category","embeddable":true,"href":"http:\/\/fmriachuelo.it10.com.ar\/index.php\/wp-json\/wp\/v2\/categories?post=3369"},{"taxonomy":"post_tag","embeddable":true,"href":"http:\/\/fmriachuelo.it10.com.ar\/index.php\/wp-json\/wp\/v2\/tags?post=3369"}],"curies":[{"name":"wp","href":"https:\/\/api.w.org\/{rel}","templated":true}]}}