{"id":3358,"date":"2016-12-15T17:51:15","date_gmt":"2016-12-15T17:51:15","guid":{"rendered":"http:\/\/fmriachuelo.com.ar\/ljkjklj\/?p=3358"},"modified":"2016-12-15T17:51:15","modified_gmt":"2016-12-15T17:51:15","slug":"por-una-navidad-sin-presos-politicos-movilizacion-frente-a-la-cancilleria","status":"publish","type":"post","link":"http:\/\/fmriachuelo.it10.com.ar\/index.php\/2016\/12\/15\/por-una-navidad-sin-presos-politicos-movilizacion-frente-a-la-cancilleria\/","title":{"rendered":"POR UNA NAVIDAD SIN PRESOS POL\u00cdTICOS, MOVILIZACI\u00d3N FRENTE A LA CANCILLER\u00cdA"},"content":{"rendered":"<p style=\"text-align: justify\">[FMR 15\/12\/16] Los trabajadores de la econom\u00eda popular, luego de finalizada la movilizaci\u00f3n frente al Congreso Nacional, \u00a0se dirigieron a la Canciller\u00eda bajo la consigna <strong>\u00abPor una Navidad sin Presos Pol\u00edticos\u00bb<\/strong>. Los trabajadores, previamente, \u00a0se hicieron presentes frente a la Casa de Jujuy y luego se dirigieron a la Canciller\u00eda Nacional.\u00a0Contra las pol\u00edticas de criminalizaci\u00f3n de la protesta social y la arbitrariedad de un poder judicial que retiene en la carcel a luchadores sociales \u00a0en complicidad con el poder pol\u00edtico.<\/p>\n<p>El secretario general de la <strong>CTEP<\/strong>\u00a0habl\u00f3 en este acto y dijo lo siguiente:<\/p>\n<p style=\"text-align: justify\">Los trabajadores fueron recibidos con un desmedido despliegue policial frente a una movilizaci\u00f3n\u00a0pac\u00edfica y\u00a0solidaria para exigir el cumplimiento de los tratados internacionales, \u00a0que tienen rango constitucional y deben ser respetados tal como lo vienen exigiendo los diversos organismos internacionales.<\/p>\n<p style=\"text-align: justify\"><img loading=\"lazy\" decoding=\"async\" class=\"size-large wp-image-3359 aligncenter\" src=\"http:\/\/fmriachuelo.com.ar\/ljkjklj\/wp-content\/uploads\/2016\/12\/WhatsApp-Image-2016-12-14-at-17.33.32-1024x768.jpeg\" alt=\"whatsapp-image-2016-12-14-at-17-33-32\" width=\"640\" height=\"480\" \/><\/p>\n","protected":false},"excerpt":{"rendered":"<p>[FMR 15\/12\/16] Los trabajadores de la econom\u00eda popular, luego de finalizada la movilizaci\u00f3n frente al Congreso Nacional, \u00a0se dirigieron a la Canciller\u00eda bajo la consigna \u00abPor una Navidad sin Presos Pol\u00edticos\u00bb. Los trabajadores, previamente, \u00a0se hicieron presentes frente a la Casa de Jujuy y luego se dirigieron a la Canciller\u00eda Nacional.\u00a0Contra las pol\u00edticas de criminalizaci\u00f3n [&hellip;]<\/p>\n","protected":false},"author":4,"featured_media":3360,"comment_status":"open","ping_status":"open","sticky":false,"template":"","format":"standard","meta":{"_monsterinsights_skip_tracking":false,"_monsterinsights_sitenote_active":false,"_monsterinsights_sitenote_note":"","_monsterinsights_sitenote_category":0,"jnews-multi-image_gallery":[],"jnews_single_post":[],"jnews_primary_category":[],"_joinchat":[],"footnotes":""},"categories":[78,75],"tags":[],"class_list":["post-3358","post","type-post","status-publish","format-standard","has-post-thumbnail","hentry","category-economia-popular","category-trabajo"],"_links":{"self":[{"href":"http:\/\/fmriachuelo.it10.com.ar\/index.php\/wp-json\/wp\/v2\/posts\/3358","targetHints":{"allow":["GET"]}}],"collection":[{"href":"http:\/\/fmriachuelo.it10.com.ar\/index.php\/wp-json\/wp\/v2\/posts"}],"about":[{"href":"http:\/\/fmriachuelo.it10.com.ar\/index.php\/wp-json\/wp\/v2\/types\/post"}],"author":[{"embeddable":true,"href":"http:\/\/fmriachuelo.it10.com.ar\/index.php\/wp-json\/wp\/v2\/users\/4"}],"replies":[{"embeddable":true,"href":"http:\/\/fmriachuelo.it10.com.ar\/index.php\/wp-json\/wp\/v2\/comments?post=3358"}],"version-history":[{"count":0,"href":"http:\/\/fmriachuelo.it10.com.ar\/index.php\/wp-json\/wp\/v2\/posts\/3358\/revisions"}],"wp:featuredmedia":[{"embeddable":true,"href":"http:\/\/fmriachuelo.it10.com.ar\/index.php\/wp-json\/"}],"wp:attachment":[{"href":"http:\/\/fmriachuelo.it10.com.ar\/index.php\/wp-json\/wp\/v2\/media?parent=3358"}],"wp:term":[{"taxonomy":"category","embeddable":true,"href":"http:\/\/fmriachuelo.it10.com.ar\/index.php\/wp-json\/wp\/v2\/categories?post=3358"},{"taxonomy":"post_tag","embeddable":true,"href":"http:\/\/fmriachuelo.it10.com.ar\/index.php\/wp-json\/wp\/v2\/tags?post=3358"}],"curies":[{"name":"wp","href":"https:\/\/api.w.org\/{rel}","templated":true}]}}