{"id":3349,"date":"2016-12-15T17:55:00","date_gmt":"2016-12-15T17:55:00","guid":{"rendered":"http:\/\/fmriachuelo.com.ar\/ljkjklj\/?p=3349"},"modified":"2016-12-15T17:55:00","modified_gmt":"2016-12-15T17:55:00","slug":"por-la-ley-de-emergencia-social-una-conquista-de-la-unidad-de-los-trabajadores","status":"publish","type":"post","link":"http:\/\/fmriachuelo.it10.com.ar\/index.php\/2016\/12\/15\/por-la-ley-de-emergencia-social-una-conquista-de-la-unidad-de-los-trabajadores\/","title":{"rendered":"POR LA LEY DE EMERGENCIA SOCIAL, UNA CONQUISTA EN UNIDAD DE LOS TRABAJADORES"},"content":{"rendered":"<p style=\"text-align: justify\">[FMR 15\/12\/16] Una masiva movilizaci\u00f3n de trabajadores de la econom\u00eda popular confluy\u00f3 pasado el mediod\u00eda, frente al Congreso Nacional, mientras se debat\u00eda en la C\u00e1mara de Senadores del Congreso Nacional, la sanci\u00f3n de la ley que reconoce la Emergencia Social para los sectores m\u00e1s vulnerables del conjunto de los trabajadores. La actividad se realiz\u00f3 con una gran olla popular y radio abierta para escuchar la voz del sector que es sistem\u00e1ticamente silenciado y cuya representatividad est\u00e1\u00a0en las calles y en los barrios populares. La jornada se cerr\u00f3 con palabras de referentes de las organizaciones presentes y finalmente la ley fue sancionada en el Congreso Nacional. \u00a0Los referentes de las organizaciones presentes destacaron que: \u00absin unidad no hay conquistas\u00bb, una unidad que incluye a la multiplicidad de voces y diferencias que implica la unidad de criterios, \u00a0con el respeto de las diferencias, en el \u00e1mbito natural que es la calle.\u00a0 \u00abNo hay fuerza posible que nos divida\u00bb.\u00a0Luego los trabajadores se movilizaron hasta la Canciller\u00eda para peticionar por una \u00a0\u00a0<strong><span style=\"color: #0000ff\"><a style=\"color: #0000ff\" href=\"http:\/\/fmriachuelo.com.ar\/ljkjklj\/blog\/2016\/12\/15\/por-una-navidad-sin-presos-politicos-movilizacion-frente-a-la-cancilleria\/\">NAVIDAD SIN PRESOS POL\u00cdTICOS<\/a>\u00a0(la noti completa).<\/span><\/strong><\/p>\n<p style=\"text-align: justify\">Escuch\u00e1 algunos\u00a0discursos del cierre del acto frente al Congreso:<\/p>\n<p style=\"text-align: justify\">\n<p style=\"text-align: justify\"><img loading=\"lazy\" decoding=\"async\" class=\"size-large wp-image-3353 aligncenter\" src=\"http:\/\/fmriachuelo.com.ar\/ljkjklj\/wp-content\/uploads\/2016\/12\/WhatsApp-Image-2016-12-14-at-14.39.00-1024x575.jpeg\" alt=\"whatsapp-image-2016-12-14-at-14-39-00\" width=\"640\" height=\"359\" \/><\/p>\n<p style=\"text-align: justify\">Gruesas columnas de trabajadores de la econom\u00eda popular, que desbordaron todos los c\u00e1lculos, nucleados en distintas organizaciones: Confederaci\u00f3n de Trabajadores de la Econom\u00eda Popular, Corriente Clasista y Combativa y Barrios de Pie se dieron cita frente al Congreso Nacional para acompa\u00f1ar \u00a0la sanci\u00f3n de la ley de Emergencia Social que se debat\u00eda en Senado Nacional. La ley implica el reconocimiento de la emergencia social y \u00a0otorga recursos para los sectores de la econom\u00eda popular que han sido afectados gravemente por las actuales pol\u00edticas de gobierno. Una conquista de la movilizaci\u00f3n de los trabajadores, \u00a0en unidad y en las calles, \u00a0que oblig\u00f3 al gobierno nacional a firmar un acuerdo previo a la sanci\u00f3n y luego fue debatido en el Congreso para finalmente aprobarse, a pesar de algunas especulaciones\u00a0malintencionadas que no pudieron adjudicarse dicha conquista.<\/p>\n<p style=\"text-align: justify\"><img loading=\"lazy\" decoding=\"async\" class=\"size-large wp-image-3354 aligncenter\" src=\"http:\/\/fmriachuelo.com.ar\/ljkjklj\/wp-content\/uploads\/2016\/12\/WhatsApp-Image-2016-12-14-at-12.32.10-1024x768.jpeg\" alt=\"whatsapp-image-2016-12-14-at-12-32-10\" width=\"640\" height=\"480\" \/><\/p>\n<p style=\"text-align: justify\">Los trabajadores populares marcharon hacia el Congreso Nacional. Tal fue el caso de la Mesa Gremial 19 y 20 de la CTEP, que desde la Av. 9 de Julio march\u00f3 junto al Movimiento Popular La Dignidad, La Poderosa y la Uni\u00f3n de Trabajadores de la Tierra (UTT) que llegaron por Av. de Mayo hasta la Plaza de los Dos Congresos. Una gran olla popular fue el convite de los trabajadores que llegaban para mostrar la masividad de la presencia y el reclamo.<\/p>\n<p style=\"text-align: justify\"><img loading=\"lazy\" decoding=\"async\" class=\"size-large wp-image-3355 aligncenter\" src=\"http:\/\/fmriachuelo.com.ar\/ljkjklj\/wp-content\/uploads\/2016\/12\/WhatsApp-Image-2016-12-14-at-13.35.09-1024x768.jpeg\" alt=\"whatsapp-image-2016-12-14-at-13-35-09\" width=\"640\" height=\"480\" \/><\/p>\n<p style=\"text-align: justify\">En horas del mediod\u00eda la actividad comenz\u00f3 con la\u00a0instalaci\u00f3n de una Radio Abierta, donde se escucharon las voces de distintas expresiones de la econom\u00eda popular que hicieron suyo los micr\u00f3fonos para hacerse\u00a0oir, silenciados cotidianamente por medios que solo reproducen los discursos dominantes. <strong><span style=\"color: #ff0000\">Fm Riachuelo<\/span><\/strong> estuvo coconduciendo junto a\u00a0otras radios compa\u00f1eras.<\/p>\n<p style=\"text-align: justify\"><img loading=\"lazy\" decoding=\"async\" class=\"size-large wp-image-3350 aligncenter\" src=\"http:\/\/fmriachuelo.com.ar\/ljkjklj\/wp-content\/uploads\/2016\/12\/WhatsApp-Image-2016-12-15-at-11.59.01-1024x768.jpeg\" alt=\"whatsapp-image-2016-12-15-at-11-59-01\" width=\"640\" height=\"480\" \/><\/p>\n<p>&nbsp;<\/p>\n","protected":false},"excerpt":{"rendered":"<p>[FMR 15\/12\/16] Una masiva movilizaci\u00f3n de trabajadores de la econom\u00eda popular confluy\u00f3 pasado el mediod\u00eda, frente al Congreso Nacional, mientras se debat\u00eda en la C\u00e1mara de Senadores del Congreso Nacional, la sanci\u00f3n de la ley que reconoce la Emergencia Social para los sectores m\u00e1s vulnerables del conjunto de los trabajadores. La actividad se realiz\u00f3 con [&hellip;]<\/p>\n","protected":false},"author":4,"featured_media":3352,"comment_status":"open","ping_status":"open","sticky":false,"template":"","format":"link","meta":{"_monsterinsights_skip_tracking":false,"_monsterinsights_sitenote_active":false,"_monsterinsights_sitenote_note":"","_monsterinsights_sitenote_category":0,"jnews-multi-image_gallery":[],"jnews_single_post":[],"jnews_primary_category":[],"_joinchat":[],"footnotes":""},"categories":[75],"tags":[],"class_list":["post-3349","post","type-post","status-publish","format-link","has-post-thumbnail","hentry","category-trabajo","post_format-post-format-link"],"_links":{"self":[{"href":"http:\/\/fmriachuelo.it10.com.ar\/index.php\/wp-json\/wp\/v2\/posts\/3349","targetHints":{"allow":["GET"]}}],"collection":[{"href":"http:\/\/fmriachuelo.it10.com.ar\/index.php\/wp-json\/wp\/v2\/posts"}],"about":[{"href":"http:\/\/fmriachuelo.it10.com.ar\/index.php\/wp-json\/wp\/v2\/types\/post"}],"author":[{"embeddable":true,"href":"http:\/\/fmriachuelo.it10.com.ar\/index.php\/wp-json\/wp\/v2\/users\/4"}],"replies":[{"embeddable":true,"href":"http:\/\/fmriachuelo.it10.com.ar\/index.php\/wp-json\/wp\/v2\/comments?post=3349"}],"version-history":[{"count":0,"href":"http:\/\/fmriachuelo.it10.com.ar\/index.php\/wp-json\/wp\/v2\/posts\/3349\/revisions"}],"wp:featuredmedia":[{"embeddable":true,"href":"http:\/\/fmriachuelo.it10.com.ar\/index.php\/wp-json\/"}],"wp:attachment":[{"href":"http:\/\/fmriachuelo.it10.com.ar\/index.php\/wp-json\/wp\/v2\/media?parent=3349"}],"wp:term":[{"taxonomy":"category","embeddable":true,"href":"http:\/\/fmriachuelo.it10.com.ar\/index.php\/wp-json\/wp\/v2\/categories?post=3349"},{"taxonomy":"post_tag","embeddable":true,"href":"http:\/\/fmriachuelo.it10.com.ar\/index.php\/wp-json\/wp\/v2\/tags?post=3349"}],"curies":[{"name":"wp","href":"https:\/\/api.w.org\/{rel}","templated":true}]}}