{"id":3347,"date":"2016-12-14T13:49:56","date_gmt":"2016-12-14T13:49:56","guid":{"rendered":"http:\/\/fmriachuelo.com.ar\/ljkjklj\/?p=3347"},"modified":"2016-12-14T13:49:56","modified_gmt":"2016-12-14T13:49:56","slug":"emergenciasocial-por-la-ley-frente-al-congreso-nacional","status":"publish","type":"post","link":"http:\/\/fmriachuelo.it10.com.ar\/index.php\/2016\/12\/14\/emergenciasocial-por-la-ley-frente-al-congreso-nacional\/","title":{"rendered":"#EMERGENCIASOCIAL, POR LA LEY FRENTE AL CONGRESO NACIONAL"},"content":{"rendered":"<p style=\"text-align: justify\">[FMR 13\/12\/16] Ma\u00f1ana se movilizan los trabajadores de la econom\u00eda popular, nucleados en la Confederaci\u00f3n de Trabajadores de la Econom\u00eda Popular, CTEP, frente al Congreso Nacional. Se instalar\u00e1 una olla popular, con radio abierta, para sostener desde la calle la necesidad \u00a0que sea aprobada la ley que declare la #EmergenciaSocial. Se espera la sanci\u00f3n de la ley que ser\u00e1 tratada en la C\u00e1mara de Senadores del Congreso Nacional. La ley nace de la necesidad urgente de los sectores m\u00e1s vulnerables de nuestra sociedad, a partir de la movilizaci\u00f3n de los trabajadores de la econom\u00eda popular, que fuera de toda especulaci\u00f3n partidaria se manifestaron en unidad con el conjunto de los trabajadores.<\/p>\n<p style=\"text-align: justify\">En el programa <strong><span style=\"color: #ff0000\">Romp\u00e9 el Cerco Informativo<\/span><\/strong>, entrevistamos a Marta Ferraro, de la cooperativa CRECER y de la Mesa Gremial 19 y 20 de la CTEP:<\/p>\n","protected":false},"excerpt":{"rendered":"<p>[FMR 13\/12\/16] Ma\u00f1ana se movilizan los trabajadores de la econom\u00eda popular, nucleados en la Confederaci\u00f3n de Trabajadores de la Econom\u00eda Popular, CTEP, frente al Congreso Nacional. Se instalar\u00e1 una olla popular, con radio abierta, para sostener desde la calle la necesidad \u00a0que sea aprobada la ley que declare la #EmergenciaSocial. Se espera la sanci\u00f3n de [&hellip;]<\/p>\n","protected":false},"author":4,"featured_media":3247,"comment_status":"open","ping_status":"open","sticky":false,"template":"","format":"standard","meta":{"_monsterinsights_skip_tracking":false,"_monsterinsights_sitenote_active":false,"_monsterinsights_sitenote_note":"","_monsterinsights_sitenote_category":0,"jnews-multi-image_gallery":[],"jnews_single_post":[],"jnews_primary_category":[],"_joinchat":[],"footnotes":""},"categories":[78,75],"tags":[],"class_list":["post-3347","post","type-post","status-publish","format-standard","has-post-thumbnail","hentry","category-economia-popular","category-trabajo"],"_links":{"self":[{"href":"http:\/\/fmriachuelo.it10.com.ar\/index.php\/wp-json\/wp\/v2\/posts\/3347","targetHints":{"allow":["GET"]}}],"collection":[{"href":"http:\/\/fmriachuelo.it10.com.ar\/index.php\/wp-json\/wp\/v2\/posts"}],"about":[{"href":"http:\/\/fmriachuelo.it10.com.ar\/index.php\/wp-json\/wp\/v2\/types\/post"}],"author":[{"embeddable":true,"href":"http:\/\/fmriachuelo.it10.com.ar\/index.php\/wp-json\/wp\/v2\/users\/4"}],"replies":[{"embeddable":true,"href":"http:\/\/fmriachuelo.it10.com.ar\/index.php\/wp-json\/wp\/v2\/comments?post=3347"}],"version-history":[{"count":0,"href":"http:\/\/fmriachuelo.it10.com.ar\/index.php\/wp-json\/wp\/v2\/posts\/3347\/revisions"}],"wp:featuredmedia":[{"embeddable":true,"href":"http:\/\/fmriachuelo.it10.com.ar\/index.php\/wp-json\/"}],"wp:attachment":[{"href":"http:\/\/fmriachuelo.it10.com.ar\/index.php\/wp-json\/wp\/v2\/media?parent=3347"}],"wp:term":[{"taxonomy":"category","embeddable":true,"href":"http:\/\/fmriachuelo.it10.com.ar\/index.php\/wp-json\/wp\/v2\/categories?post=3347"},{"taxonomy":"post_tag","embeddable":true,"href":"http:\/\/fmriachuelo.it10.com.ar\/index.php\/wp-json\/wp\/v2\/tags?post=3347"}],"curies":[{"name":"wp","href":"https:\/\/api.w.org\/{rel}","templated":true}]}}