{"id":3341,"date":"2016-12-15T13:07:51","date_gmt":"2016-12-15T13:07:51","guid":{"rendered":"http:\/\/fmriachuelo.com.ar\/ljkjklj\/?p=3341"},"modified":"2016-12-15T13:07:51","modified_gmt":"2016-12-15T13:07:51","slug":"justicia-para-maximiliano-kosteki-y-dario-santillan","status":"publish","type":"post","link":"http:\/\/fmriachuelo.it10.com.ar\/index.php\/2016\/12\/15\/justicia-para-maximiliano-kosteki-y-dario-santillan\/","title":{"rendered":"JUSTICIA PARA MAXIMILIANO KOSTEKI Y DARIO SANTILL\u00c1N"},"content":{"rendered":"<p style=\"text-align: justify\">[FMR 15\/12\/16] En una entrevista\u00a0con Carina Lopez Monja, \u00a0militante del Frente Popular Dar\u00edo Santill\u00e1n, cont\u00f3 sobre el estado de la causa judicial y mostr\u00f3 el compromiso que los llev\u00f3 a encontrar los elementos necesarios para que sea\u00a0reabierta y permita juzgar a los responsables pol\u00edticos de los asesinatos. Al mismo tiempo ubic\u00f3 lo necesario de proseguir con la instancia judicial que no permita encarcelar de manera arbitraria y pol\u00edtica a luchadores sociales, tal el caso de Milagro Sala.\u00a0Difundimos comunicado y adherimos al pedido de justicia para los responsables pol\u00edticos de la Masacre de Avellaneda, en donde fueron asesinados M. Kosteki y D. Santill\u00e1n, por personal de las fuerzas de seguridad cuyos responsables pol\u00edticos no fueron llevados a la justicia, por su responsabilidad en el hecho.<\/p>\n<p style=\"text-align: justify\">Escuch\u00e1 la entrevista a Carina Lopez Monja del FPDS, en <strong><span style=\"color: #ff0000\">Romp\u00e9 el Cerco Informativo<\/span><\/strong>:<\/p>\n<p style=\"text-align: justify\">A 14 a\u00f1os de los asesinatos de Dar\u00edo Santill\u00e1n y Maximiliano Kosteki<\/p>\n<p style=\"text-align: justify\">A m\u00e1s de 14 a\u00f1os del 26 de junio de 2002 cuando fueron asesinados Dar\u00edo Santill\u00e1n y Maximiliano Kosteki en una multitudinaria y masiva movilizaci\u00f3n al Puente Pueyrred\u00f3n, los abajo firmantes reiteramos nuestro pedido al Juez Doctor Ariel Lijo, titular del Juzgado Federal N\u00ba 4 de los Tribunales de Comodoro Py, a que lleve adelante los pasos necesarios para que la investigaci\u00f3n sobre las responsabilidades pol\u00edticas de la Masacre de Avellaneda avance. Particularmente en esta causa, debe autorizar el llamado a indagatoria de los responsables intelectuales de la represi\u00f3n, que al d\u00eda de hoy han sido mencionados en distintas testimoniales ante la Fiscal, la Doctora Paloma Ochoa, quien debe realizar el pedido ante el magistrado.<\/p>\n<p style=\"text-align: justify\">A lo largo de estos a\u00f1os, se ha condenado a cadena perpetua a los efectivos que dispararon, a los responsables materiales de los asesinatos. Estos son el ex comisario de la polic\u00eda bonaerense Alfredo Fanchiotti y el ex cabo de la misma fuerza Alejandro Acosta. Otros polic\u00edas fueron sentenciados con penas menores. Uno de ellos, el ex sargento Carlos Leiva, que ya estaba en liberad, fue condenado hace menos de un mes, a catorce a\u00f1os de prisi\u00f3n por ser el cabecilla de una banda de secuestradores extorsivos.<\/p>\n<p style=\"text-align: justify\">Sin embargo los responsables pol\u00edticos nunca han sido juzgados ni condenados. La investigaci\u00f3n que se encuentra en los tribunales de Comodoro Py durmi\u00f3 por a\u00f1os en los archivos del cuarto piso, y con el reclamo y la insistencia de los familiares y las organizaciones sociales se logr\u00f3 reabrir la causa federal por las responsabilidades pol\u00edticas, que fuera archivada hace a\u00f1os atr\u00e1s por el anterior fiscal Osorio. A lo largo del 2016 se presentaron, a instancias de los familiares y los organismos de DDHH que acompa\u00f1an la causa, varias declaraciones testimoniales de suma importancia que le dieron cuerpo a una investigaci\u00f3n que nunca se habia iniciado. Entre ellas se destacan las de Oscar Laborde ex intendente de Avellaneda en los momentos de la represi\u00f3n y de Nora Corti\u00f1as, Madre de Plaza de Mayo Linea Fundadora.<\/p>\n<p style=\"text-align: justify\">Con esos nuevos testimonios y aportes en la causa, entendemos que ya es hora de que la justicia acelere la investigaci\u00f3n, por lo que le pedimos al Juez Ariel Lijo que avance en la causa citando como imputados a quienes son los responsables pol\u00edticos de aquella masacre: Eduardo Duhalde, Felipe Sol\u00e1, Anibal Fernandez, Alfredo Atanasoff, Juan Jos\u00e9 Alvarez, Luis Genoud, Oscar Rodriguez, y todos los responsables pol\u00edticos de la Masacre de Avellaneda.<\/p>\n<p style=\"text-align: justify\">Para que haya justicia, necesitamos que se investigue a los responsables pol\u00edticos.<\/p>\n<p style=\"text-align: justify\">Dar\u00edo Santill\u00e1n y Maximiliano Kosteki, presentes!<\/p>\n<p style=\"text-align: justify\">Agadecemos difusi\u00f3n y adhesiones a frentedariosantillan@gmail.com<\/p>\n","protected":false},"excerpt":{"rendered":"<p>[FMR 15\/12\/16] En una entrevista\u00a0con Carina Lopez Monja, \u00a0militante del Frente Popular Dar\u00edo Santill\u00e1n, cont\u00f3 sobre el estado de la causa judicial y mostr\u00f3 el compromiso que los llev\u00f3 a encontrar los elementos necesarios para que sea\u00a0reabierta y permita juzgar a los responsables pol\u00edticos de los asesinatos. Al mismo tiempo ubic\u00f3 lo necesario de proseguir [&hellip;]<\/p>\n","protected":false},"author":4,"featured_media":3342,"comment_status":"open","ping_status":"open","sticky":false,"template":"","format":"standard","meta":{"_monsterinsights_skip_tracking":false,"_monsterinsights_sitenote_active":false,"_monsterinsights_sitenote_note":"","_monsterinsights_sitenote_category":0,"jnews-multi-image_gallery":[],"jnews_single_post":[],"jnews_primary_category":[],"_joinchat":[],"footnotes":""},"categories":[75],"tags":[],"class_list":["post-3341","post","type-post","status-publish","format-standard","has-post-thumbnail","hentry","category-trabajo"],"_links":{"self":[{"href":"http:\/\/fmriachuelo.it10.com.ar\/index.php\/wp-json\/wp\/v2\/posts\/3341","targetHints":{"allow":["GET"]}}],"collection":[{"href":"http:\/\/fmriachuelo.it10.com.ar\/index.php\/wp-json\/wp\/v2\/posts"}],"about":[{"href":"http:\/\/fmriachuelo.it10.com.ar\/index.php\/wp-json\/wp\/v2\/types\/post"}],"author":[{"embeddable":true,"href":"http:\/\/fmriachuelo.it10.com.ar\/index.php\/wp-json\/wp\/v2\/users\/4"}],"replies":[{"embeddable":true,"href":"http:\/\/fmriachuelo.it10.com.ar\/index.php\/wp-json\/wp\/v2\/comments?post=3341"}],"version-history":[{"count":0,"href":"http:\/\/fmriachuelo.it10.com.ar\/index.php\/wp-json\/wp\/v2\/posts\/3341\/revisions"}],"wp:featuredmedia":[{"embeddable":true,"href":"http:\/\/fmriachuelo.it10.com.ar\/index.php\/wp-json\/"}],"wp:attachment":[{"href":"http:\/\/fmriachuelo.it10.com.ar\/index.php\/wp-json\/wp\/v2\/media?parent=3341"}],"wp:term":[{"taxonomy":"category","embeddable":true,"href":"http:\/\/fmriachuelo.it10.com.ar\/index.php\/wp-json\/wp\/v2\/categories?post=3341"},{"taxonomy":"post_tag","embeddable":true,"href":"http:\/\/fmriachuelo.it10.com.ar\/index.php\/wp-json\/wp\/v2\/tags?post=3341"}],"curies":[{"name":"wp","href":"https:\/\/api.w.org\/{rel}","templated":true}]}}