{"id":3333,"date":"2016-12-08T02:46:11","date_gmt":"2016-12-08T02:46:11","guid":{"rendered":"http:\/\/fmriachuelo.com.ar\/ljkjklj\/?p=3333"},"modified":"2016-12-08T02:46:11","modified_gmt":"2016-12-08T02:46:11","slug":"chaco-movilizacion-en-la-provincia-y-en-la-caba-por-la-critica-situacion","status":"publish","type":"post","link":"http:\/\/fmriachuelo.it10.com.ar\/index.php\/2016\/12\/08\/chaco-movilizacion-en-la-provincia-y-en-la-caba-por-la-critica-situacion\/","title":{"rendered":"CHACO: MOVILIZACI\u00d3N EN LA PROVINCIA Y EN LA CABA POR LA CR\u00cdTICA SITUACI\u00d3N"},"content":{"rendered":"<p style=\"text-align: justify\">[FMR 07\/12\/16] Una importante movilizaci\u00f3n se realiz\u00f3 hoy en la localidad de Resistencia, capital chaque\u00f1a, hasta la Gobernaci\u00f3n, que luego se dirigi\u00f3 al Ministerio de Desarrollo Social para finalizar frente a la residencia del Gobernador por la ausencia de respuestas concretas. Las demandas de la multitud movilizada es por la cr\u00edtica situaci\u00f3n que vive una gran parte de los habitantes, por falta de trabajo o subocupaci\u00f3n y adem\u00e1s por la dif\u00edcil situaci\u00f3n a la que los somete el gobierno provincial, que ha disminuido los magros planes sociales que ven\u00edan percibiendo, para palear la cr\u00edtica realidad. Mientras en la provincia de Chaco se realizaba esta importante manifestaci\u00f3n, en la CABA, referentes y miembros de la corriente gremial <strong>Mesa 19 y 20<\/strong> de la CTEP, se movilizaron hasta la Casa de la Provincia de Chaco, para demandar la urgente respuesta a las organizaciones chaque\u00f1as, que est\u00e1n en una situaci\u00f3n al borde de la desesperaci\u00f3n. Entrevistamos a Lito Borello, en la Casa de la Provincia del Chaco en CABA y a Hector Gomez en comunicaci\u00f3n directa desde la provincia, ambos miembros de la corriente gremial Mesa 19 y 20 de la CTEP.<\/p>\n<p style=\"text-align: justify\">Escuch\u00e1 las entrevistas completas:<\/p>\n<p style=\"text-align: justify\"><img loading=\"lazy\" decoding=\"async\" class=\"alignnone size-full wp-image-3335\" src=\"http:\/\/fmriachuelo.com.ar\/ljkjklj\/wp-content\/uploads\/2016\/12\/chaco.jpg\" alt=\"chaco\" width=\"960\" height=\"540\" \/><\/p>\n<p style=\"text-align: justify\">Hector Gomez, referente en Chaco, de la corriente gremial <strong>Mesa 19 y 20<\/strong> de la CTEP, en una entrevista relat\u00f3 la situaci\u00f3n que est\u00e1n atravesando.\u00a0Una importante columna, mayor a 3000 personas\u00a0de diversas organizaciones sociales, \u00a0nucleadas en la Confederaci\u00f3n de Trabajadores de la Econom\u00eda Popular, CTEP, que llegaron desde distintos parajes de la provincia, \u00a0marcharon hoy en Resistencia, hasta\u00a0la\u00a0Gobernaci\u00f3n, para pedir que se resuelva la precaria situaci\u00f3n, con falta de alimentos b\u00e1sicos que garanticen la subsistencia. Al mismo tiempo relat\u00f3 que las familias cobran planes que apenas\u00a0alcanzan los $1.000 y por tal motivo, fueron reducidos, de manera arbitraria y con argumentos rid\u00edculos. A pesar de la multitudinaria movilizaci\u00f3n no fueron atendidos y cuando lograron que\u00a0los atiendan en la vereda, \u00a0el funcionario de turno no ten\u00eda ninguna capacidad de respuesta.<br \/>\nEl 60% de la poblaci\u00f3n chaque\u00f1a se encuentra subocupada o desocupada , sin generaci\u00f3n de empleo mientras la provincia posee una importante cantidad de recursos, que tienen otro destino que la subsistencia de su poblaci\u00f3n.<br \/>\nEn la tarde de hoy referentes de la <strong><span style=\"color: #000000\">Mesa Gremial 19 y 20<\/span><\/strong> de la CTEP, frente a la falta de respuestas se hicieron presentes en la Casa de la Provincia del Chaco, Callao 322 de esta ciudad, para solidarizarse y mostrar la unidad de la lucha de los trabajadores de la econom\u00eda popular.<\/p>\n<p style=\"text-align: justify\"><span style=\"color: #ff0000\"><strong>Fm Riachuelo<\/strong><\/span> acompa\u00f1o la iniciativa, en esta ciudad, y recogi\u00f3 el testimonio de Lito Borello, referente de la Mesa 19 y 20 de la CTEP. Por la tarde en <strong><span style=\"color: #ff0000\">Rompe el Cerco Informativo<\/span><\/strong> conversamos con Hector Gomez, referente de la Mesa 19 y 20\u00a0en la provincia del Chaco, quien explic\u00f3 la situaci\u00f3n desesperante que est\u00e1n atravesando los compa\u00f1eros chaque\u00f1os.<\/p>\n","protected":false},"excerpt":{"rendered":"<p>[FMR 07\/12\/16] Una importante movilizaci\u00f3n se realiz\u00f3 hoy en la localidad de Resistencia, capital chaque\u00f1a, hasta la Gobernaci\u00f3n, que luego se dirigi\u00f3 al Ministerio de Desarrollo Social para finalizar frente a la residencia del Gobernador por la ausencia de respuestas concretas. Las demandas de la multitud movilizada es por la cr\u00edtica situaci\u00f3n que vive una [&hellip;]<\/p>\n","protected":false},"author":4,"featured_media":3334,"comment_status":"open","ping_status":"open","sticky":false,"template":"","format":"standard","meta":{"_monsterinsights_skip_tracking":false,"_monsterinsights_sitenote_active":false,"_monsterinsights_sitenote_note":"","_monsterinsights_sitenote_category":0,"jnews-multi-image_gallery":[],"jnews_single_post":[],"jnews_primary_category":[],"_joinchat":[],"footnotes":""},"categories":[75],"tags":[],"class_list":["post-3333","post","type-post","status-publish","format-standard","has-post-thumbnail","hentry","category-trabajo"],"_links":{"self":[{"href":"http:\/\/fmriachuelo.it10.com.ar\/index.php\/wp-json\/wp\/v2\/posts\/3333","targetHints":{"allow":["GET"]}}],"collection":[{"href":"http:\/\/fmriachuelo.it10.com.ar\/index.php\/wp-json\/wp\/v2\/posts"}],"about":[{"href":"http:\/\/fmriachuelo.it10.com.ar\/index.php\/wp-json\/wp\/v2\/types\/post"}],"author":[{"embeddable":true,"href":"http:\/\/fmriachuelo.it10.com.ar\/index.php\/wp-json\/wp\/v2\/users\/4"}],"replies":[{"embeddable":true,"href":"http:\/\/fmriachuelo.it10.com.ar\/index.php\/wp-json\/wp\/v2\/comments?post=3333"}],"version-history":[{"count":0,"href":"http:\/\/fmriachuelo.it10.com.ar\/index.php\/wp-json\/wp\/v2\/posts\/3333\/revisions"}],"wp:featuredmedia":[{"embeddable":true,"href":"http:\/\/fmriachuelo.it10.com.ar\/index.php\/wp-json\/"}],"wp:attachment":[{"href":"http:\/\/fmriachuelo.it10.com.ar\/index.php\/wp-json\/wp\/v2\/media?parent=3333"}],"wp:term":[{"taxonomy":"category","embeddable":true,"href":"http:\/\/fmriachuelo.it10.com.ar\/index.php\/wp-json\/wp\/v2\/categories?post=3333"},{"taxonomy":"post_tag","embeddable":true,"href":"http:\/\/fmriachuelo.it10.com.ar\/index.php\/wp-json\/wp\/v2\/tags?post=3333"}],"curies":[{"name":"wp","href":"https:\/\/api.w.org\/{rel}","templated":true}]}}