{"id":3325,"date":"2016-12-07T16:59:07","date_gmt":"2016-12-07T16:59:07","guid":{"rendered":"http:\/\/fmriachuelo.com.ar\/ljkjklj\/?p=3325"},"modified":"2016-12-07T16:59:07","modified_gmt":"2016-12-07T16:59:07","slug":"3325","status":"publish","type":"post","link":"http:\/\/fmriachuelo.it10.com.ar\/index.php\/2016\/12\/07\/3325\/","title":{"rendered":"OLLAS POPULARES POR LA LEY DE EMERGENCIA SOCIAL"},"content":{"rendered":"<p style=\"text-align: justify\">[FMR 07\/12\/16] Las organizaciones populares no renuncian a su protagonismo. Nuevamente agremiadas en la Confederaci\u00f3n de los Trabajadores de la Econom\u00eda Popular (CTEP), junto con la Corriente Clasista y Combativa (CCC) y el Movimiento Barrios de Pie, y contra todas las especulaciones vertidas desde la comodidad de la opini\u00f3n medi\u00e1tica, manifestaron con su multitudinaria presencia lo necesario y urgente de la promulgaci\u00f3n de la ley de emergencia social que se debate en el Congreso.<\/p>\n<p style=\"text-align: justify\">El pueblo organizado, que ha recuperado su condici\u00f3n de trabajador a partir de haberse inventado su propio trabajo, volvi\u00f3 a la calle. Esta vez instalando ollas populares y una radio abierta, para expresar desde la calle que las organizaciones populares ten\u00edan algo para decir en el debate que se llevaba adelante en el Congreso sobre la Ley de Emergencia Social.<\/p>\n<p style=\"text-align: justify\">Luego del acto del 18 de noviembre en la plaza de los Dos Congresos que les permiti\u00f3 sentarse con el gobierno para exigir los recursos para sostenimiento y creaci\u00f3n de trabajo, lejos de confiar en un gobierno que lleg\u00f3 para defender los intereses de los m\u00e1s poderosos, ayer nuevamente ocup\u00f3 la Avenida Rivadavia para recordarle a la clase pol\u00edtica que no se hagan los distra\u00eddos.<\/p>\n<p style=\"text-align: justify\"><img loading=\"lazy\" decoding=\"async\" class=\"size-large wp-image-3327 aligncenter\" src=\"http:\/\/fmriachuelo.com.ar\/ljkjklj\/wp-content\/uploads\/2016\/12\/olla-popular-1024x768.jpg\" alt=\"olla-popular\" width=\"640\" height=\"480\" \/><\/p>\n<p style=\"text-align: justify\">As\u00ed lo expresaba Lito Borello desde la Mesa Gremial 19 y 20, corriente de acci\u00f3n y pensamiento de la CTEP: \u201cLa actitud y el compromiso de los sectores populares no renuncia al lugar de la lucha en la calle donde se resuelve el destino de los sectores populares: movilizados y en la calle hasta la semana que viene que se vote en ambas c\u00e1maras. Para que se sienta desde adentro el calorcito de la olla popular, que en la puerta del Congreso el pueblo espera ansioso la votaci\u00f3n.\u201d<\/p>\n<p style=\"text-align: justify\"><img loading=\"lazy\" decoding=\"async\" class=\"size-large wp-image-3328 aligncenter\" src=\"http:\/\/fmriachuelo.com.ar\/ljkjklj\/wp-content\/uploads\/2016\/12\/radio-abierta-2-1024x768.jpg\" alt=\"radio-abierta-2\" width=\"640\" height=\"480\" \/><\/p>\n<p style=\"text-align: justify\">Mientras se desarrollaban las ollas populares, por la radio abierta organizada en unidad por el Movimiento Popular La Dignidad, La Poderosa y la FM Riachuelo iban pasando los representantes de la diversidad de experiencias que se organizan en la CTEP: los trabajadores de la tierra nucleados en la UTT, los recicladores urbanos del MTE, comunicadores populares de La Poderosa, compa\u00f1eras de la Cooperativa de Vivienda Los Pibes, entre tantos otros poetas sociales.<\/p>\n<p style=\"text-align: justify\">En la radio abierta se destac\u00f3 la arenga del Gringo Castro, Secretario General de la CTEP, a los trabajadores de la Econom\u00eda Popular que desde la, con unidad, organizaci\u00f3n y lucha, hac\u00edan posible la conquista de la primera paritaria social. El Gringo destac\u00f3: \u00abestuvimos en todas las grandes movilizaciones de este a\u00f1o. El 7 de agosto decidimos visibilizar a los trabajadores de la Econom\u00eda Popular con la movilizaci\u00f3n de San Cayetano. Ahora la lucha que tenemos por delante es que todos los compa\u00f1eros que trabajan tengan su salario social complementario, y para eso claro que no nos vamos a bajar de la calle\u00bb.<\/p>\n<p style=\"text-align: justify\"><img loading=\"lazy\" decoding=\"async\" class=\"size-large wp-image-3329 aligncenter\" src=\"http:\/\/fmriachuelo.com.ar\/ljkjklj\/wp-content\/uploads\/2016\/12\/luciano-camion-1024x768.jpg\" alt=\"luciano-camion\" width=\"640\" height=\"480\" \/><\/p>\n<p style=\"text-align: justify\">Al finalizar la tarde, se conoci\u00f3 la noticia de la media sanci\u00f3n, pr\u00e1cticamente por unanimidad, de la Ley de Emergencia Social. La Ley avanza ahora con paso firme a las sesiones extraordinarias de senadores. Los referentes de las organizaciones de la econom\u00eda popular ya expresaron que nuevamente estar\u00e1n ocupando su lugar en el debate: en la calle, donde los Pueblos hacen la Historia.<\/p>\n<p style=\"text-align: justify\">Democracia de calle y desde la calle es como construimos la unidad popular.<br \/>\nPara conquistar lo necesario y urgente.<br \/>\nPara dar vuelta la tortilla.<\/p>\n","protected":false},"excerpt":{"rendered":"<p>[FMR 07\/12\/16] Las organizaciones populares no renuncian a su protagonismo. Nuevamente agremiadas en la Confederaci\u00f3n de los Trabajadores de la Econom\u00eda Popular (CTEP), junto con la Corriente Clasista y Combativa (CCC) y el Movimiento Barrios de Pie, y contra todas las especulaciones vertidas desde la comodidad de la opini\u00f3n medi\u00e1tica, manifestaron con su multitudinaria presencia [&hellip;]<\/p>\n","protected":false},"author":4,"featured_media":3326,"comment_status":"open","ping_status":"open","sticky":false,"template":"","format":"standard","meta":{"_monsterinsights_skip_tracking":false,"_monsterinsights_sitenote_active":false,"_monsterinsights_sitenote_note":"","_monsterinsights_sitenote_category":0,"jnews-multi-image_gallery":[],"jnews_single_post":[],"jnews_primary_category":[],"_joinchat":[],"footnotes":""},"categories":[78,76,75],"tags":[],"class_list":["post-3325","post","type-post","status-publish","format-standard","has-post-thumbnail","hentry","category-economia-popular","category-salud-comunitaria","category-trabajo"],"_links":{"self":[{"href":"http:\/\/fmriachuelo.it10.com.ar\/index.php\/wp-json\/wp\/v2\/posts\/3325","targetHints":{"allow":["GET"]}}],"collection":[{"href":"http:\/\/fmriachuelo.it10.com.ar\/index.php\/wp-json\/wp\/v2\/posts"}],"about":[{"href":"http:\/\/fmriachuelo.it10.com.ar\/index.php\/wp-json\/wp\/v2\/types\/post"}],"author":[{"embeddable":true,"href":"http:\/\/fmriachuelo.it10.com.ar\/index.php\/wp-json\/wp\/v2\/users\/4"}],"replies":[{"embeddable":true,"href":"http:\/\/fmriachuelo.it10.com.ar\/index.php\/wp-json\/wp\/v2\/comments?post=3325"}],"version-history":[{"count":0,"href":"http:\/\/fmriachuelo.it10.com.ar\/index.php\/wp-json\/wp\/v2\/posts\/3325\/revisions"}],"wp:featuredmedia":[{"embeddable":true,"href":"http:\/\/fmriachuelo.it10.com.ar\/index.php\/wp-json\/"}],"wp:attachment":[{"href":"http:\/\/fmriachuelo.it10.com.ar\/index.php\/wp-json\/wp\/v2\/media?parent=3325"}],"wp:term":[{"taxonomy":"category","embeddable":true,"href":"http:\/\/fmriachuelo.it10.com.ar\/index.php\/wp-json\/wp\/v2\/categories?post=3325"},{"taxonomy":"post_tag","embeddable":true,"href":"http:\/\/fmriachuelo.it10.com.ar\/index.php\/wp-json\/wp\/v2\/tags?post=3325"}],"curies":[{"name":"wp","href":"https:\/\/api.w.org\/{rel}","templated":true}]}}