{"id":3317,"date":"2016-12-07T12:59:12","date_gmt":"2016-12-07T12:59:12","guid":{"rendered":"http:\/\/fmriachuelo.com.ar\/ljkjklj\/?p=3317"},"modified":"2016-12-07T12:59:12","modified_gmt":"2016-12-07T12:59:12","slug":"3317","status":"publish","type":"post","link":"http:\/\/fmriachuelo.it10.com.ar\/index.php\/2016\/12\/07\/3317\/","title":{"rendered":"HACIA LA NACIONALIZACI\u00d3N DE UNA LEY DE AUTOGESTI\u00d3N DEL HABITAT POPULAR, JORNADA EN LA C\u00c1MARA DE DIPUTADOS"},"content":{"rendered":"<p style=\"text-align: justify\">[FMR 06\/12\/18] Ayer, en una sala Anexa a la C\u00e1mara de Diputados de la Naci\u00f3n, \u00a0se realiz\u00f3 la actividad\u00a0 <em>\u201cTendiendo puentes entre las cooperativas, mutuales, ONG\u2019s y el poder legislativo\u201d.\u00a0<\/em>All\u00ed dialogaron representantes del Poder Legislativo Nacional junto a diversas cooperativas, mutuales y organizaciones no gubernamentales, para abordar la problem\u00e1tica de vivienda para los sectores populares y la necesidad de nacionalizar un instrumento que ya rige en el \u00e1mbito ciudadano, Ley 341, que permite la autogesti\u00f3n del habitat social.<\/p>\n<p style=\"text-align: justify\">En la tarde de ayer, en la sala 1 del Anexo \u201cA\u201d de la C\u00e1mara de Diputados de la Naci\u00f3n se realiz\u00f3 una charla organizada por el Diputado Gustavo Mart\u00ednez Campos, que reuni\u00f3 a diversas cooperativas, mutuales y organizaciones no gubernamentales.<\/p>\n<p style=\"text-align: justify\">Bajo el t\u00edtulo <em>\u201cTendiendo puentes entre las cooperativas, mutuales, ONG\u2019s y el poder legislativo\u201d<\/em>, cont\u00f3 con la participaci\u00f3n\u00a0de un conjunto de referentes de organizaciones que explicaron la importancia, frente al\u00a0actual\u00a0contexto econ\u00f3mico cr\u00edtico, \u00a0del creciente fortalecimiento\u00a0entre las mismas y la necesidad de\u00a0consolidar el v\u00ednculo con el poder legislativo. Al mismo tiempo\u00a0se enfatiz\u00f3\u00a0la necesidad de incorporar la experiencia de las organizaciones, como pilar fundamental en la elaboraci\u00f3n y dise\u00f1o de leyes favorables a los sectores populares.<\/p>\n<p style=\"text-align: justify\">La apertura estuvo a cargo de Gustavo E. Altieri, creador de la fundaci\u00f3n \u201dJ\u00f3venes por los Derechos Humanos\u201d, y de la fiscal Genoveva Cardinale, que junto a Mar\u00eda Eva Sanz (Presidenta de la mutual Grupo Buenos Ayres) expusieron sobre violencia de g\u00e9nero y la respuesta desde el Poder Judicial a dicha problem\u00e1tica.<\/p>\n<p><img loading=\"lazy\" decoding=\"async\" class=\"size-large wp-image-3318 aligncenter\" src=\"http:\/\/fmriachuelo.com.ar\/ljkjklj\/wp-content\/uploads\/2016\/12\/WhatsApp-Image-2016-12-06-at-18.51.03-1024x575.jpeg\" alt=\"whatsapp-image-2016-12-06-at-18-51-03\" width=\"640\" height=\"359\" \/><\/p>\n<p style=\"text-align: justify\">Por su parte, la arquitecta Mar\u00eda Cristina Sosa, presidenta de AMMA (Asociaci\u00f3n Mutualista de la Mujer Argentina) hizo una introducci\u00f3n sobre la ley 341 de h\u00e1bitat social\u00a0de la Ciudad de Buenos Aires, y \u00a0luego present\u00f3 la experiencia que vienen haciendo las organizaciones. Lito Borello, coordinador nacional de la O.S. y P. Los Pibes, destac\u00f3 la lucha de las organizaciones para que esta\u00a0ley tenga alcance nacional y permita la construcci\u00f3n autogestionada de viviendas en todo el pa\u00eds.\u00a0Tambi\u00e9n expuso\u00a0que: <em>\u00a0\u201cla participaci\u00f3n y saber emp\u00edrico de las organizaciones sociales conforman el\u00a0 \u00fanico poder capaz de enfrentar el poder f\u00e1ctico\u201d. \u00a0Y agreg\u00f3: \u201cSi las pr\u00f3xima institucionalidades no tienen pueblo organizado detr\u00e1s, \u00e9se intento de enfrentar el poder f\u00e1ctico quedar\u00e1 fallido\u201d. <\/em>Tambi\u00e9n<em>\u00a0<\/em>exhibi\u00f3\u00a0el reciente triunfo del pueblo organizado:\u00a0<em>\u201ceste \u00faltimo a\u00f1o logr\u00f3 evitar la fiebre amarilla y demostr\u00f3 que est\u00e1 vivo y de pie\u201d<\/em>, para finalizar: <em>\u201csin justicia social no hay paz ni democracia\u201d.<\/em><\/p>\n<p style=\"text-align: justify\">Adem\u00e1s\u00a0disertaron Ines Bienati, presidenta de FEMUDECO (Federaci\u00f3n de Mutuales para la Defensa Organizada del Consumo), Jorge Borgognone, secretario bonaerense de la CAM (Confederaci\u00f3n Argentina de Mutualidades), Mauro G\u00f3nzale, presidente del Centro Estrat\u00e9gico para el Crecimiento y Desarrollo Argentino (CECREDA), Leonardo Duva de Cooperativa La Carpinteria, entre otros.<\/p>\n<p>&nbsp;<\/p>\n","protected":false},"excerpt":{"rendered":"<p>[FMR 06\/12\/18] Ayer, en una sala Anexa a la C\u00e1mara de Diputados de la Naci\u00f3n, \u00a0se realiz\u00f3 la actividad\u00a0 \u201cTendiendo puentes entre las cooperativas, mutuales, ONG\u2019s y el poder legislativo\u201d.\u00a0All\u00ed dialogaron representantes del Poder Legislativo Nacional junto a diversas cooperativas, mutuales y organizaciones no gubernamentales, para abordar la problem\u00e1tica de vivienda para los sectores populares [&hellip;]<\/p>\n","protected":false},"author":4,"featured_media":3320,"comment_status":"open","ping_status":"open","sticky":false,"template":"","format":"standard","meta":{"_monsterinsights_skip_tracking":false,"_monsterinsights_sitenote_active":false,"_monsterinsights_sitenote_note":"","_monsterinsights_sitenote_category":0,"jnews-multi-image_gallery":[],"jnews_single_post":[],"jnews_primary_category":[],"_joinchat":[],"footnotes":""},"categories":[78,76,74],"tags":[],"class_list":["post-3317","post","type-post","status-publish","format-standard","has-post-thumbnail","hentry","category-economia-popular","category-salud-comunitaria","category-san-cayetano"],"_links":{"self":[{"href":"http:\/\/fmriachuelo.it10.com.ar\/index.php\/wp-json\/wp\/v2\/posts\/3317","targetHints":{"allow":["GET"]}}],"collection":[{"href":"http:\/\/fmriachuelo.it10.com.ar\/index.php\/wp-json\/wp\/v2\/posts"}],"about":[{"href":"http:\/\/fmriachuelo.it10.com.ar\/index.php\/wp-json\/wp\/v2\/types\/post"}],"author":[{"embeddable":true,"href":"http:\/\/fmriachuelo.it10.com.ar\/index.php\/wp-json\/wp\/v2\/users\/4"}],"replies":[{"embeddable":true,"href":"http:\/\/fmriachuelo.it10.com.ar\/index.php\/wp-json\/wp\/v2\/comments?post=3317"}],"version-history":[{"count":0,"href":"http:\/\/fmriachuelo.it10.com.ar\/index.php\/wp-json\/wp\/v2\/posts\/3317\/revisions"}],"wp:featuredmedia":[{"embeddable":true,"href":"http:\/\/fmriachuelo.it10.com.ar\/index.php\/wp-json\/"}],"wp:attachment":[{"href":"http:\/\/fmriachuelo.it10.com.ar\/index.php\/wp-json\/wp\/v2\/media?parent=3317"}],"wp:term":[{"taxonomy":"category","embeddable":true,"href":"http:\/\/fmriachuelo.it10.com.ar\/index.php\/wp-json\/wp\/v2\/categories?post=3317"},{"taxonomy":"post_tag","embeddable":true,"href":"http:\/\/fmriachuelo.it10.com.ar\/index.php\/wp-json\/wp\/v2\/tags?post=3317"}],"curies":[{"name":"wp","href":"https:\/\/api.w.org\/{rel}","templated":true}]}}