{"id":3314,"date":"2016-12-05T01:46:08","date_gmt":"2016-12-05T01:46:08","guid":{"rendered":"http:\/\/fmriachuelo.com.ar\/ljkjklj\/?p=3314"},"modified":"2016-12-05T01:46:08","modified_gmt":"2016-12-05T01:46:08","slug":"por-la-ley-de-emergenciasocial-frente-al-congreso","status":"publish","type":"post","link":"http:\/\/fmriachuelo.it10.com.ar\/index.php\/2016\/12\/05\/por-la-ley-de-emergenciasocial-frente-al-congreso\/","title":{"rendered":"POR LA LEY DE #EMERGENCIASOCIAL, FRENTE AL CONGRESO"},"content":{"rendered":"<p>[FMR 05\/12\/16] Este martes 6 de diciembre se realizar\u00e1 frente al Congreso Nacional: Olla Popular y Radio Abierta. Ser\u00e1 tratado en el Parlamento la Ley de Emergencia Social, para darle un poco de dignidad a los trabajadores de la econom\u00eda popular. Se espera una importante presencia de trabajadores de la econom\u00eda popular, que se har\u00e1n presentes en unidad para manifestarse por la sanci\u00f3n de la ley que reconozca la Emergencia Social Ya.<\/p>\n<p>Escuchamos al referente de la corriente gremial Mesa 19 y 20 de la CTEP, Lito Borello, sobre esta nueva jornada de lucha en la calle:<\/p>\n","protected":false},"excerpt":{"rendered":"<p>[FMR 05\/12\/16] Este martes 6 de diciembre se realizar\u00e1 frente al Congreso Nacional: Olla Popular y Radio Abierta. Ser\u00e1 tratado en el Parlamento la Ley de Emergencia Social, para darle un poco de dignidad a los trabajadores de la econom\u00eda popular. Se espera una importante presencia de trabajadores de la econom\u00eda popular, que se har\u00e1n [&hellip;]<\/p>\n","protected":false},"author":4,"featured_media":3315,"comment_status":"open","ping_status":"open","sticky":false,"template":"","format":"standard","meta":{"_monsterinsights_skip_tracking":false,"_monsterinsights_sitenote_active":false,"_monsterinsights_sitenote_note":"","_monsterinsights_sitenote_category":0,"jnews-multi-image_gallery":[],"jnews_single_post":[],"jnews_primary_category":[],"_joinchat":[],"footnotes":""},"categories":[78,75],"tags":[],"class_list":["post-3314","post","type-post","status-publish","format-standard","has-post-thumbnail","hentry","category-economia-popular","category-trabajo"],"_links":{"self":[{"href":"http:\/\/fmriachuelo.it10.com.ar\/index.php\/wp-json\/wp\/v2\/posts\/3314","targetHints":{"allow":["GET"]}}],"collection":[{"href":"http:\/\/fmriachuelo.it10.com.ar\/index.php\/wp-json\/wp\/v2\/posts"}],"about":[{"href":"http:\/\/fmriachuelo.it10.com.ar\/index.php\/wp-json\/wp\/v2\/types\/post"}],"author":[{"embeddable":true,"href":"http:\/\/fmriachuelo.it10.com.ar\/index.php\/wp-json\/wp\/v2\/users\/4"}],"replies":[{"embeddable":true,"href":"http:\/\/fmriachuelo.it10.com.ar\/index.php\/wp-json\/wp\/v2\/comments?post=3314"}],"version-history":[{"count":0,"href":"http:\/\/fmriachuelo.it10.com.ar\/index.php\/wp-json\/wp\/v2\/posts\/3314\/revisions"}],"wp:featuredmedia":[{"embeddable":true,"href":"http:\/\/fmriachuelo.it10.com.ar\/index.php\/wp-json\/"}],"wp:attachment":[{"href":"http:\/\/fmriachuelo.it10.com.ar\/index.php\/wp-json\/wp\/v2\/media?parent=3314"}],"wp:term":[{"taxonomy":"category","embeddable":true,"href":"http:\/\/fmriachuelo.it10.com.ar\/index.php\/wp-json\/wp\/v2\/categories?post=3314"},{"taxonomy":"post_tag","embeddable":true,"href":"http:\/\/fmriachuelo.it10.com.ar\/index.php\/wp-json\/wp\/v2\/tags?post=3314"}],"curies":[{"name":"wp","href":"https:\/\/api.w.org\/{rel}","templated":true}]}}