{"id":3310,"date":"2016-12-05T01:30:09","date_gmt":"2016-12-05T01:30:09","guid":{"rendered":"http:\/\/fmriachuelo.com.ar\/ljkjklj\/?p=3310"},"modified":"2016-12-05T01:30:09","modified_gmt":"2016-12-05T01:30:09","slug":"poetas-sociales-con-los-referentes-de-la-economia-popular-ultimo-programa","status":"publish","type":"post","link":"http:\/\/fmriachuelo.it10.com.ar\/index.php\/2016\/12\/05\/poetas-sociales-con-los-referentes-de-la-economia-popular-ultimo-programa\/","title":{"rendered":"POETAS SOCIALES CON LOS REFERENTES DE LA ECONOM\u00cdA POPULAR, \u00daLTIMO PROGRAMA"},"content":{"rendered":"<p style=\"text-align: justify\"><img loading=\"lazy\" decoding=\"async\" class=\"alignleft wp-image-3311 size-medium\" src=\"http:\/\/fmriachuelo.com.ar\/ljkjklj\/wp-content\/uploads\/2016\/12\/imagen-300x126.png\" alt=\"imagen\" width=\"300\" height=\"126\" \/><\/p>\n<p style=\"text-align: justify\">[FMR 05\/12\/16] El s\u00e1bado pasado se emiti\u00f3 por Fm Riachuelo, desde el Paseo de la Econom\u00eda Popular, \u00a0el \u00faltimo programa del programa de Poetas Sociales. All\u00ed se dieron cita referentes del trabajo de la econom\u00eda popular, de la corriente gremial Mesa 19 y 20 de la CTEP, y el secretario general de la CTEP. Abordaron la movilizaci\u00f3n del 18 de noviembre, la Emergencia Social como conquista popular y l as repercusiones de la firma de este importante acuerdo, que ser\u00e1 tratado en el Congreso Nacional por impulso de los trabajadores en unidad.<\/p>\n<p style=\"text-align: justify\">\n<p style=\"text-align: justify\">Escuch\u00e1 a continuaci\u00f3n las voces:<\/p>\n<p style=\"text-align: justify\"><strong><span style=\"color: #0000ff\"><a style=\"color: #0000ff\" href=\"https:\/\/archive.org\/details\/GRINGOCASTRO1\">Esteban \u00abGringo\u00bb Castro<\/a><\/span><\/strong><\/p>\n<p style=\"text-align: justify\"><span style=\"color: #0000ff\"><strong><a style=\"color: #0000ff\" href=\"https:\/\/archive.org\/details\/LITOBORELLO2\">1\u00ba Lito Borello<\/a><\/strong><\/span><\/p>\n<p style=\"text-align: justify\"><strong><a href=\"https:\/\/archive.org\/details\/LITOBORELLO2\">2\u00ba Lito Borello<\/a><\/strong><\/p>\n<p style=\"text-align: justify\"><strong><span style=\"color: #0000ff\"><a style=\"color: #0000ff\" href=\"https:\/\/archive.org\/details\/NEGROMORALES\">Rodolfo Morales<\/a><\/span><\/strong><\/p>\n<p style=\"text-align: justify\"><strong><span style=\"color: #0000ff\"><a style=\"color: #0000ff\" href=\"https:\/\/archive.org\/details\/03-12-2016PoetasSocialesCOMPLETO\">PROGRAMA COMPLETO<\/a><\/span><\/strong><\/p>\n<p style=\"text-align: justify\">Este s\u00e1bado en Poetas Sociales, programa radial que se emite desde el Paseo de la Econom\u00eda Popular Mart\u00edn Oso Cisneros por el aire de la FM Riachuelo, nos acompa\u00f1aron el Secretario General de la CTEP, Esteban \u201cGringo\u201d Castro, Rodolfo Morales de la Cooperativa Coopechas de Chascom\u00fas y Lito Borello, Coordinador de la Organizaci\u00f3n Social y Pol\u00edtica Los Pibes y referente de la Mesa Gremial 19 y 20 de la CTEP. Los principales puntos que se trataron fueron en torno a la movilizaci\u00f3n del 18 de noviembre y los debates y repercusiones que gener\u00f3 el acuerdo por la emergencia social firmado con el gobierno nacional.<\/p>\n<p style=\"text-align: justify\">En palabras del <strong><span style=\"color: #0000ff\"><a style=\"color: #0000ff\" href=\"https:\/\/archive.org\/details\/GRINGOCASTRO1\">Gringo Castro<\/a><\/span><\/strong>: \u00abse trat\u00f3 de la primer paritaria de los trabajadores de la econom\u00eda popular, en donde, a excepci\u00f3n de la personer\u00eda gremial, se lograron conquistar los principales puntos que se reivindicaban\u00bb. Castro resalt\u00f3 la importancia de que por primera vez se reconozca a este sector de los trabajadores como un actor v\u00e1lido de negociaci\u00f3n ante el Estado.<\/p>\n<p style=\"text-align: justify\">Por su parte,<strong><span style=\"color: #0000ff\"><a style=\"color: #0000ff\" href=\"https:\/\/archive.org\/details\/LITOBORELLO2\"> Lito Borello<\/a><\/span><\/strong> rescat\u00f3 la importancia de la unidad de los trabajadores lograda en la calle, sin ning\u00fan tutelaje, lo que vislumbra la consolidaci\u00f3n de un nuevo sujeto con capacidad de pelea. \u201cPor primera vez ese sujeto emergente que nace en los \u201990 logra con el movimiento obrero organizado hacer un hecho tan trascendente\u201d.<\/p>\n<p class=\"x_MsoNormal\">Desde una mirada de las organizaciones de base, <strong><span style=\"color: #0000ff\"><a style=\"color: #0000ff\" href=\"https:\/\/archive.org\/details\/NEGROMORALES\">Rodolfo Morales<\/a><\/span><\/strong> rescat\u00f3 la importancia de defender la unidad de las organizaciones lograda, de los intentos de fragmentaci\u00f3n que se intentan e intentar\u00e1n provocar en los tiempos que vienen.<\/p>\n<p class=\"x_MsoNormal\">\n","protected":false},"excerpt":{"rendered":"<p>[FMR 05\/12\/16] El s\u00e1bado pasado se emiti\u00f3 por Fm Riachuelo, desde el Paseo de la Econom\u00eda Popular, \u00a0el \u00faltimo programa del programa de Poetas Sociales. All\u00ed se dieron cita referentes del trabajo de la econom\u00eda popular, de la corriente gremial Mesa 19 y 20 de la CTEP, y el secretario general de la CTEP. Abordaron [&hellip;]<\/p>\n","protected":false},"author":4,"featured_media":3312,"comment_status":"open","ping_status":"open","sticky":false,"template":"","format":"link","meta":{"_monsterinsights_skip_tracking":false,"_monsterinsights_sitenote_active":false,"_monsterinsights_sitenote_note":"","_monsterinsights_sitenote_category":0,"jnews-multi-image_gallery":[],"jnews_single_post":[],"jnews_primary_category":[],"_joinchat":[],"footnotes":""},"categories":[78,76,75],"tags":[],"class_list":["post-3310","post","type-post","status-publish","format-link","has-post-thumbnail","hentry","category-economia-popular","category-salud-comunitaria","category-trabajo","post_format-post-format-link"],"_links":{"self":[{"href":"http:\/\/fmriachuelo.it10.com.ar\/index.php\/wp-json\/wp\/v2\/posts\/3310","targetHints":{"allow":["GET"]}}],"collection":[{"href":"http:\/\/fmriachuelo.it10.com.ar\/index.php\/wp-json\/wp\/v2\/posts"}],"about":[{"href":"http:\/\/fmriachuelo.it10.com.ar\/index.php\/wp-json\/wp\/v2\/types\/post"}],"author":[{"embeddable":true,"href":"http:\/\/fmriachuelo.it10.com.ar\/index.php\/wp-json\/wp\/v2\/users\/4"}],"replies":[{"embeddable":true,"href":"http:\/\/fmriachuelo.it10.com.ar\/index.php\/wp-json\/wp\/v2\/comments?post=3310"}],"version-history":[{"count":0,"href":"http:\/\/fmriachuelo.it10.com.ar\/index.php\/wp-json\/wp\/v2\/posts\/3310\/revisions"}],"wp:featuredmedia":[{"embeddable":true,"href":"http:\/\/fmriachuelo.it10.com.ar\/index.php\/wp-json\/"}],"wp:attachment":[{"href":"http:\/\/fmriachuelo.it10.com.ar\/index.php\/wp-json\/wp\/v2\/media?parent=3310"}],"wp:term":[{"taxonomy":"category","embeddable":true,"href":"http:\/\/fmriachuelo.it10.com.ar\/index.php\/wp-json\/wp\/v2\/categories?post=3310"},{"taxonomy":"post_tag","embeddable":true,"href":"http:\/\/fmriachuelo.it10.com.ar\/index.php\/wp-json\/wp\/v2\/tags?post=3310"}],"curies":[{"name":"wp","href":"https:\/\/api.w.org\/{rel}","templated":true}]}}