{"id":3304,"date":"2016-12-02T11:26:44","date_gmt":"2016-12-02T11:26:44","guid":{"rendered":"http:\/\/fmriachuelo.com.ar\/ljkjklj\/?p=3304"},"modified":"2016-12-02T11:26:44","modified_gmt":"2016-12-02T11:26:44","slug":"proyeccion-del-documental-mil-en-la-covilpi","status":"publish","type":"post","link":"http:\/\/fmriachuelo.it10.com.ar\/index.php\/2016\/12\/02\/proyeccion-del-documental-mil-en-la-covilpi\/","title":{"rendered":"PROYECCION DEL DOCUMENTAL MIL EN LA COVILPI"},"content":{"rendered":"<p style=\"text-align: justify\">[FMR 02\/12\/2016] Ayer por la tarde, en el predio del Paseo de la Econom\u00eda Popular \u00abMArt\u00edn Oso Cisneros\u00bb, a la sombra de los edificios de la Cooperativa de Vivienda Los Pibes, de la mano de Art\u00f3 Cine Que Rota se proyecto\u00f3 el documental MIL (Melo-Iberlucea-Lamadrid) que narra tres historias en torno de la problem\u00e1tica de la vivienda en La Boca.<\/p>\n<p style=\"text-align: justify\">La proyecci\u00f3n cont\u00f3 con una masiva participaci\u00f3n de vecinos del barrio y experiencias de lucha por la vivienda que se acercaron para conocer las historias y debatir sobre la autogesti\u00f3n como herramienta de acceso al habitat en el marco la reciente presentaci\u00f3n de la Ley Nacional de Producci\u00f3n Social Autogestionaria del Habitat Popular. Entre otras organizaciones vinculadas a esta pelea estuvieron presentes representantes de las Cooperativas el Surco y Brasil 1517, referentes de la lucha por la vivienda en la CABA, Jorge Herrera y Natalia Quinto, protagonistas de las experiencias del filme, los realizadores de la pel\u00edcula de la productora Gaucho Cine, y militantes de la Organizaci\u00f3n Los Pibes y habitantes de su cooperativa de vivienda Covilpi, que hicieron las veces de anfitriones de la actividad.<\/p>\n<p style=\"text-align: justify\"><img loading=\"lazy\" decoding=\"async\" class=\"size-large wp-image-3306 aligncenter\" src=\"http:\/\/fmriachuelo.com.ar\/ljkjklj\/wp-content\/uploads\/2016\/12\/BRUNO-1024x576.jpg\" alt=\"bruno\" width=\"640\" height=\"360\" \/><\/p>\n<p style=\"text-align: justify\">El evento cont\u00f3 adem\u00e1s con un celebrad\u00edsimo y emotivo cierre musical a cargo Bruno Arias y el Pallador Wilson, artistas siempre atentos a las luchas que van demostrando la capacidad de solidaridad de nuestro Pueblo.<\/p>\n<p style=\"text-align: justify\"><img loading=\"lazy\" decoding=\"async\" class=\"size-large wp-image-3307 aligncenter\" src=\"http:\/\/fmriachuelo.com.ar\/ljkjklj\/wp-content\/uploads\/2016\/12\/PRODUCTORES-1024x613.jpg\" alt=\"productores\" width=\"640\" height=\"383\" \/><\/p>\n<p style=\"text-align: justify\">\n<p style=\"text-align: justify\">Durante la apertura, Lito Borello brind\u00f3 unas palabras donde vincul\u00f3 la lucha por la vivienda a la reciente movilizaci\u00f3n del 18\/11 por los trabajadores de la econom\u00eda popular y tomo el guante por las cr\u00edticas que se hacen desde algunos sectores por las conquistas que esa movilizaci\u00f3n le arranc\u00f3 al gobierno nacional: \u00abcomo dice el Papa, vamos a seguir haciendo el l\u00edo que haga falta. No nos vamos de la calle porque siempre estuvimos en la calle. Evita dec\u00eda que mientras existe una necesidad, existe un derecho y nosotros creemos que sin justicia social, no hay paz ni democracia. No hay firma, no hay acuerdo, no hay nada que nos pare\u00bb.<\/p>\n<p style=\"text-align: justify\"><img loading=\"lazy\" decoding=\"async\" class=\"size-large wp-image-3308 aligncenter\" src=\"http:\/\/fmriachuelo.com.ar\/ljkjklj\/wp-content\/uploads\/2016\/12\/LITO-1024x654.jpg\" alt=\"lito\" width=\"640\" height=\"409\" \/><\/p>\n","protected":false},"excerpt":{"rendered":"<p>[FMR 02\/12\/2016] Ayer por la tarde, en el predio del Paseo de la Econom\u00eda Popular \u00abMArt\u00edn Oso Cisneros\u00bb, a la sombra de los edificios de la Cooperativa de Vivienda Los Pibes, de la mano de Art\u00f3 Cine Que Rota se proyecto\u00f3 el documental MIL (Melo-Iberlucea-Lamadrid) que narra tres historias en torno de la problem\u00e1tica de [&hellip;]<\/p>\n","protected":false},"author":4,"featured_media":3305,"comment_status":"open","ping_status":"open","sticky":false,"template":"","format":"standard","meta":{"_monsterinsights_skip_tracking":false,"_monsterinsights_sitenote_active":false,"_monsterinsights_sitenote_note":"","_monsterinsights_sitenote_category":0,"jnews-multi-image_gallery":[],"jnews_single_post":[],"jnews_primary_category":[],"_joinchat":[],"footnotes":""},"categories":[78,76,74],"tags":[],"class_list":["post-3304","post","type-post","status-publish","format-standard","has-post-thumbnail","hentry","category-economia-popular","category-salud-comunitaria","category-san-cayetano"],"_links":{"self":[{"href":"http:\/\/fmriachuelo.it10.com.ar\/index.php\/wp-json\/wp\/v2\/posts\/3304","targetHints":{"allow":["GET"]}}],"collection":[{"href":"http:\/\/fmriachuelo.it10.com.ar\/index.php\/wp-json\/wp\/v2\/posts"}],"about":[{"href":"http:\/\/fmriachuelo.it10.com.ar\/index.php\/wp-json\/wp\/v2\/types\/post"}],"author":[{"embeddable":true,"href":"http:\/\/fmriachuelo.it10.com.ar\/index.php\/wp-json\/wp\/v2\/users\/4"}],"replies":[{"embeddable":true,"href":"http:\/\/fmriachuelo.it10.com.ar\/index.php\/wp-json\/wp\/v2\/comments?post=3304"}],"version-history":[{"count":0,"href":"http:\/\/fmriachuelo.it10.com.ar\/index.php\/wp-json\/wp\/v2\/posts\/3304\/revisions"}],"wp:featuredmedia":[{"embeddable":true,"href":"http:\/\/fmriachuelo.it10.com.ar\/index.php\/wp-json\/"}],"wp:attachment":[{"href":"http:\/\/fmriachuelo.it10.com.ar\/index.php\/wp-json\/wp\/v2\/media?parent=3304"}],"wp:term":[{"taxonomy":"category","embeddable":true,"href":"http:\/\/fmriachuelo.it10.com.ar\/index.php\/wp-json\/wp\/v2\/categories?post=3304"},{"taxonomy":"post_tag","embeddable":true,"href":"http:\/\/fmriachuelo.it10.com.ar\/index.php\/wp-json\/wp\/v2\/tags?post=3304"}],"curies":[{"name":"wp","href":"https:\/\/api.w.org\/{rel}","templated":true}]}}